{"id":1026,"date":"2012-01-08T20:33:43","date_gmt":"2012-01-08T20:33:43","guid":{"rendered":"http:\/\/espaieatart.wordpress.com\/?p=1026"},"modified":"2012-01-08T20:33:43","modified_gmt":"2012-01-08T20:33:43","slug":"lateneu-de-banyoles-acull-el-primer-acte-dhomenatge-a-carles-fontsere","status":"publish","type":"post","link":"http:\/\/fundaciolluiscoromina.org\/index.php\/2012\/01\/08\/lateneu-de-banyoles-acull-el-primer-acte-dhomenatge-a-carles-fontsere\/","title":{"rendered":"L&#8217;Ateneu de Banyoles acull el primer acte d&#8217;homenatge a Carles Fontser\u00e8"},"content":{"rendered":"<p>Aquest dimarts 10 de gener a les deu del vespre es van iniciar els actes d&#8217;homenatge en motiu dels cinc anys de la mort de l&#8217;artista i activista cultural i pol\u00edtic Carles Fontser\u00e8, nascut a Barcelona per\u00f2 afincat al Pla de l&#8217;Estany durant m\u00e9s de tres d\u00e8cades. L&#8217;Ateneu de Banyoles acull aquesta primera efem\u00e8ride amb la coorganitzaci\u00f3 del Llu\u00eds Vil\u00e0 Showroom i de l&#8217;Espai Eat, aix\u00ed com de la complicitat del Museu de l&#8217;Exili, bonart cultural i, com no, de la regidoria de cultura de l&#8217;Ajuntament de Banyoles.<\/p>\n<p>Aquest esdeveniment tamb\u00e9 va servir per difondre aquest homenatge que cerca la complicitat i les idees de tots els interessats a redimensionar la figura d&#8217;un dels prohoms catalans del segle XX. Si b\u00e9 hi ha una s\u00e8rie d&#8217;accions en marxa, la comissi\u00f3 impulsora, encap\u00e7alada per l&#8217;Espai Eat Art &#8211; Llu\u00eds Vil\u00e0, bonart cultural i l&#8217;Ajuntament de Banyoles i Porqueres no est\u00e0 tancada a introduir noves iniciatives. La presid\u00e8ncia de la comissi\u00f3 est\u00e0 encap\u00e7alada per la v\u00eddua Fontser\u00e8, Terry Broch.<\/p>\n<p><a href=\"http:\/\/espaieatart.files.wordpress.com\/2012\/01\/obrint-el-mocc81n.jpg\"><img loading=\"lazy\" decoding=\"async\" class=\"alignnone size-full wp-image-1027\" title=\"Obrint el mo\u0301n\" src=\"http:\/\/espaieatart.files.wordpress.com\/2012\/01\/obrint-el-mocc81n.jpg\" alt=\"\" width=\"590\" height=\"446\" \/><\/a><\/p>\n<p><a href=\"http:\/\/espaieatart.files.wordpress.com\/2012\/01\/385385_325214477512475_100000717771308_1037169_1760253227_n.jpg\"><img loading=\"lazy\" decoding=\"async\" class=\"wp-image-1123 alignnone\" title=\"385385_325214477512475_100000717771308_1037169_1760253227_n\" src=\"http:\/\/espaieatart.files.wordpress.com\/2012\/01\/385385_325214477512475_100000717771308_1037169_1760253227_n.jpg\" alt=\"\" width=\"298\" height=\"196\" \/><\/a><a href=\"http:\/\/espaieatart.files.wordpress.com\/2012\/01\/377985_325213934179196_100000717771308_1037167_1487804859_n.jpg\"><img loading=\"lazy\" decoding=\"async\" class=\"alignnone  wp-image-1124\" title=\"377985_325213934179196_100000717771308_1037167_1487804859_n\" src=\"http:\/\/espaieatart.files.wordpress.com\/2012\/01\/377985_325213934179196_100000717771308_1037167_1487804859_n.jpg\" alt=\"\" width=\"288\" height=\"215\" \/><\/a><\/p>\n<p>A l&#8217;esquerra, Roger Costa-Pau, parlant, i al seu costat Ricard Planas, director de l&#8217;Espai Eat Art &#8211; Vil\u00e0. Sentats davant seu Terry Broch -v\u00eddeu Fontser\u00e8\u2013, Llu\u00eds Coromina, Josep Ballell, Montse Oller i Miquel Noguer. A la fotografia de la dreta, Gemma G\u00f3mez i Albert Prat durant l&#8217;espectacle.<\/p>\n","protected":false},"excerpt":{"rendered":"<p>Aquest dimarts 10 de gener a les deu del vespre es van iniciar els actes d&#8217;homenatge en motiu dels cinc &#8230;<\/p>\n","protected":false},"author":1,"featured_media":1027,"comment_status":"open","ping_status":"open","sticky":false,"template":"","format":"standard","meta":{"footnotes":""},"categories":[9],"tags":[],"class_list":["post-1026","post","type-post","status-publish","format-standard","has-post-thumbnail","hentry","category-historic"],"_links":{"self":[{"href":"http:\/\/fundaciolluiscoromina.org\/index.php\/wp-json\/wp\/v2\/posts\/1026","targetHints":{"allow":["GET"]}}],"collection":[{"href":"http:\/\/fundaciolluiscoromina.org\/index.php\/wp-json\/wp\/v2\/posts"}],"about":[{"href":"http:\/\/fundaciolluiscoromina.org\/index.php\/wp-json\/wp\/v2\/types\/post"}],"author":[{"embeddable":true,"href":"http:\/\/fundaciolluiscoromina.org\/index.php\/wp-json\/wp\/v2\/users\/1"}],"replies":[{"embeddable":true,"href":"http:\/\/fundaciolluiscoromina.org\/index.php\/wp-json\/wp\/v2\/comments?post=1026"}],"version-history":[{"count":0,"href":"http:\/\/fundaciolluiscoromina.org\/index.php\/wp-json\/wp\/v2\/posts\/1026\/revisions"}],"wp:attachment":[{"href":"http:\/\/fundaciolluiscoromina.org\/index.php\/wp-json\/wp\/v2\/media?parent=1026"}],"wp:term":[{"taxonomy":"category","embeddable":true,"href":"http:\/\/fundaciolluiscoromina.org\/index.php\/wp-json\/wp\/v2\/categories?post=1026"},{"taxonomy":"post_tag","embeddable":true,"href":"http:\/\/fundaciolluiscoromina.org\/index.php\/wp-json\/wp\/v2\/tags?post=1026"}],"curies":[{"name":"wp","href":"https:\/\/api.w.org\/{rel}","templated":true}]}}