{"id":1037,"date":"2012-01-09T01:00:13","date_gmt":"2012-01-09T01:00:13","guid":{"rendered":"http:\/\/espaieatart.wordpress.com\/?p=1037"},"modified":"2012-01-09T01:00:13","modified_gmt":"2012-01-09T01:00:13","slug":"rosalia-banet-artista-de-lespai-eat-art-portada-del-suplement-cultural-abc","status":"publish","type":"post","link":"http:\/\/fundaciolluiscoromina.org\/index.php\/2012\/01\/09\/rosalia-banet-artista-de-lespai-eat-art-portada-del-suplement-cultural-abc\/","title":{"rendered":"Rosal\u00eda Banet, artista de l&#8217;espai Eat Art, portada del suplement cultural ABC"},"content":{"rendered":"<p><a href=\"http:\/\/espaieatart.files.wordpress.com\/2012\/01\/portada-siamesas-0301.jpg\"><img loading=\"lazy\" decoding=\"async\" class=\"alignnone size-full wp-image-1038\" title=\"portada siamesas 030#1\" src=\"http:\/\/espaieatart.files.wordpress.com\/2012\/01\/portada-siamesas-0301.jpg\" alt=\"\" width=\"590\" height=\"792\" \/><\/a><\/p>\n<p>L&#8217;artista Rosal\u00eda Banet, artista de l&#8217;espai eat art i resident al pa\u00eds valenci\u00e0, ha estat portada del mes de desembre d&#8217;un dels suplements m\u00e9s interessants de la pen\u00ednsula en mat\u00e8ria cultural. Molt lluny de la seva l\u00ednia pol\u00edtica, el suplement cultural de l&#8217;ABC representa un esperit ampli de tend\u00e8ncies de l&#8217;art contemporani i del pensament cultural. Prova d&#8217;aix\u00f2, la portada de Banet, que s&#8217;ha especialitzat en els temes d&#8217;eat art, tal i com va demostrar en la seva exposici\u00f3 a l&#8217;espai eat art el 2011.<\/p>\n","protected":false},"excerpt":{"rendered":"<p>L&#8217;artista Rosal\u00eda Banet, artista de l&#8217;espai eat art i resident al pa\u00eds valenci\u00e0, ha estat portada del mes de desembre &#8230;<\/p>\n","protected":false},"author":1,"featured_media":1038,"comment_status":"open","ping_status":"open","sticky":false,"template":"","format":"standard","meta":{"footnotes":""},"categories":[9],"tags":[],"class_list":["post-1037","post","type-post","status-publish","format-standard","has-post-thumbnail","hentry","category-historic"],"_links":{"self":[{"href":"http:\/\/fundaciolluiscoromina.org\/index.php\/wp-json\/wp\/v2\/posts\/1037","targetHints":{"allow":["GET"]}}],"collection":[{"href":"http:\/\/fundaciolluiscoromina.org\/index.php\/wp-json\/wp\/v2\/posts"}],"about":[{"href":"http:\/\/fundaciolluiscoromina.org\/index.php\/wp-json\/wp\/v2\/types\/post"}],"author":[{"embeddable":true,"href":"http:\/\/fundaciolluiscoromina.org\/index.php\/wp-json\/wp\/v2\/users\/1"}],"replies":[{"embeddable":true,"href":"http:\/\/fundaciolluiscoromina.org\/index.php\/wp-json\/wp\/v2\/comments?post=1037"}],"version-history":[{"count":0,"href":"http:\/\/fundaciolluiscoromina.org\/index.php\/wp-json\/wp\/v2\/posts\/1037\/revisions"}],"wp:attachment":[{"href":"http:\/\/fundaciolluiscoromina.org\/index.php\/wp-json\/wp\/v2\/media?parent=1037"}],"wp:term":[{"taxonomy":"category","embeddable":true,"href":"http:\/\/fundaciolluiscoromina.org\/index.php\/wp-json\/wp\/v2\/categories?post=1037"},{"taxonomy":"post_tag","embeddable":true,"href":"http:\/\/fundaciolluiscoromina.org\/index.php\/wp-json\/wp\/v2\/tags?post=1037"}],"curies":[{"name":"wp","href":"https:\/\/api.w.org\/{rel}","templated":true}]}}