{"id":1056,"date":"2012-01-14T16:09:19","date_gmt":"2012-01-14T16:09:19","guid":{"rendered":"http:\/\/espaieatart.wordpress.com\/?p=1056"},"modified":"2012-01-14T16:09:19","modified_gmt":"2012-01-14T16:09:19","slug":"joan-crous-i-lespai-eat-art-lluis-vila-de-banyoles","status":"publish","type":"post","link":"http:\/\/fundaciolluiscoromina.org\/index.php\/2012\/01\/14\/joan-crous-i-lespai-eat-art-lluis-vila-de-banyoles\/","title":{"rendered":"L&#8217;artista Joan Crous, especialista en art i alimentaci\u00f3, visita l&#8217;Eat Art"},"content":{"rendered":"<p><a href=\"http:\/\/espaieatart.files.wordpress.com\/2012\/01\/joan-crous-i-giovanna-bubbico.jpg\"><img loading=\"lazy\" decoding=\"async\" class=\"wp-image-1057  alignnone\" title=\"joan crous i giovanna bubbico\" src=\"http:\/\/espaieatart.files.wordpress.com\/2012\/01\/joan-crous-i-giovanna-bubbico.jpg\" alt=\"\" width=\"581\" height=\"434\" \/><\/a><\/p>\n<p style=\"text-align:justify;\">L&#8217;artista catalano-itali\u00e0 Joan Crous i la historiadora italiana Giovanna Bubbico van visitar aquest gener de 2012 l&#8217;espai eat art llu\u00eds vil\u00e0. La trobada va ser un \u00abcuatro chiachere\u00bb per una propera exposici\u00f3 a finals d&#8217;any en el nostre espai. Seria la clausura del treball <em>Cenae<\/em>, en el qual el creador ha estat treballant m\u00e9s d&#8217;una d\u00e8cada i que fa expl\u00edcita refer\u00e8ncia als temes relacionats entre l&#8217;art i el mnjar.<\/p>\n<p style=\"text-align:justify;\">Nascut a Banyoles el 1962, viu i treballa a Bologna, It\u00e0lia des de l&#8217;any 1992. Ha exposat a diferents institucions p\u00fabliques i privades d&#8217;arreu d&#8217;Europa. A Catalunya l&#8217;hem pogut veure a la Fundaci\u00f3 Valvi de Girona i a la Fundaci\u00f3 Vila Casas de Barcelona.<\/p>\n<p style=\"text-align:justify;\"><a href=\"http:\/\/joancrous.net\/\" rel=\"nofollow nofollow\" target=\"_blank\">http:\/\/joancrous.net\/<\/a><\/p>\n<p style=\"text-align:justify;\"><span style=\"color:#c0c0c0;\">Bubbico i Crous en el jard\u00ed de l&#8217;espai eat art i davant d&#8217;una escultura de Llu\u00eds Vil\u00e0 titulada \u00abEl que \u00e9s\u00bb, planxa d&#8217;acer oxidat. A sota, dues imatges de les obres que realitza Joan Crous. Fotografies de les obres de Jordi Mas.<br \/>\n<\/span><\/p>\n<p style=\"text-align:justify;\"><a href=\"http:\/\/espaieatart.files.wordpress.com\/2012\/01\/ctl28.jpg\"><img loading=\"lazy\" decoding=\"async\" class=\"alignnone  wp-image-1154\" title=\"ctl28\" src=\"http:\/\/espaieatart.files.wordpress.com\/2012\/01\/ctl28.jpg\" alt=\"\" width=\"287\" height=\"432\" \/><\/a><a href=\"http:\/\/espaieatart.files.wordpress.com\/2012\/01\/ctl31.jpg\"><img loading=\"lazy\" decoding=\"async\" class=\"alignnone  wp-image-1155\" title=\"ctl31\" src=\"http:\/\/espaieatart.files.wordpress.com\/2012\/01\/ctl31.jpg\" alt=\"\" width=\"288\" height=\"433\" \/><\/a><\/p>\n","protected":false},"excerpt":{"rendered":"<p>L&#8217;artista catalano-itali\u00e0 Joan Crous i la historiadora italiana Giovanna Bubbico van visitar aquest gener de 2012 l&#8217;espai eat art llu\u00eds &#8230;<\/p>\n","protected":false},"author":1,"featured_media":1057,"comment_status":"open","ping_status":"open","sticky":false,"template":"","format":"standard","meta":{"footnotes":""},"categories":[9],"tags":[],"class_list":["post-1056","post","type-post","status-publish","format-standard","has-post-thumbnail","hentry","category-historic"],"_links":{"self":[{"href":"http:\/\/fundaciolluiscoromina.org\/index.php\/wp-json\/wp\/v2\/posts\/1056","targetHints":{"allow":["GET"]}}],"collection":[{"href":"http:\/\/fundaciolluiscoromina.org\/index.php\/wp-json\/wp\/v2\/posts"}],"about":[{"href":"http:\/\/fundaciolluiscoromina.org\/index.php\/wp-json\/wp\/v2\/types\/post"}],"author":[{"embeddable":true,"href":"http:\/\/fundaciolluiscoromina.org\/index.php\/wp-json\/wp\/v2\/users\/1"}],"replies":[{"embeddable":true,"href":"http:\/\/fundaciolluiscoromina.org\/index.php\/wp-json\/wp\/v2\/comments?post=1056"}],"version-history":[{"count":0,"href":"http:\/\/fundaciolluiscoromina.org\/index.php\/wp-json\/wp\/v2\/posts\/1056\/revisions"}],"wp:attachment":[{"href":"http:\/\/fundaciolluiscoromina.org\/index.php\/wp-json\/wp\/v2\/media?parent=1056"}],"wp:term":[{"taxonomy":"category","embeddable":true,"href":"http:\/\/fundaciolluiscoromina.org\/index.php\/wp-json\/wp\/v2\/categories?post=1056"},{"taxonomy":"post_tag","embeddable":true,"href":"http:\/\/fundaciolluiscoromina.org\/index.php\/wp-json\/wp\/v2\/tags?post=1056"}],"curies":[{"name":"wp","href":"https:\/\/api.w.org\/{rel}","templated":true}]}}