{"id":1100,"date":"2012-01-15T09:00:44","date_gmt":"2012-01-15T09:00:44","guid":{"rendered":"http:\/\/espaieatart.wordpress.com\/2012\/01\/14\/andreu-carulla-propera-exposicio-de-leat-art-seleccionat-com-a-dissenyador-de-referencia\/"},"modified":"2012-01-15T09:00:44","modified_gmt":"2012-01-15T09:00:44","slug":"andreu-carulla-propera-exposicio-de-leat-art-seleccionat-com-a-dissenyador-de-referencia","status":"publish","type":"post","link":"http:\/\/fundaciolluiscoromina.org\/index.php\/2012\/01\/15\/andreu-carulla-propera-exposicio-de-leat-art-seleccionat-com-a-dissenyador-de-referencia\/","title":{"rendered":"Andreu Carulla, proper autor a exposar a l&#8217;Eat Art, seleccionat com a dissenyador de refer\u00e8ncia"},"content":{"rendered":"<p>Andreu Carulla, nascut a Banyoles i un dels valors emergents m\u00e9s destacats de la ciutat, ha estat seleccionat per la prestigiosa revista anglesa Wallpaper com un dels dissenyadors joves m\u00e9s prometadors de la pen\u00ednsula. Aquest creatiu exposar\u00e0 a partir del dissabte 4 de febrer a l&#8217;espai Eat Art de Banyoles una exposici\u00f3 dels seus treballs que han nodrit les taules del restaurant El Celler de Can Roca. Unes escultures plats que posen de manifest el seu sentit d&#8217;hibridaci\u00f3 entre art, disseny industrial, enginyeria.<\/p>\n<p>m\u00e9s informaci\u00f3: <a href=\"http:\/\/www.andreucarulla.com\">www.andreucarulla.com<\/a><\/p>\n<p><a href=\"http:\/\/espaieatart.files.wordpress.com\/2012\/01\/ac_wallpaper2.jpg\"><img loading=\"lazy\" decoding=\"async\" class=\"wp-image alignnone\" src=\"http:\/\/espaieatart.files.wordpress.com\/2012\/01\/ac_wallpaper2.jpg?w=1014\" alt=\"Imatge\" width=\"231\" height=\"317\" \/><\/a><a href=\"http:\/\/espaieatart.files.wordpress.com\/2012\/01\/ac_wallpaper3.jpg\"><img loading=\"lazy\" decoding=\"async\" class=\"alignnone  wp-image-1063\" title=\"AC_wallpaper3\" src=\"http:\/\/espaieatart.files.wordpress.com\/2012\/01\/ac_wallpaper3.jpg\" alt=\"\" width=\"272\" height=\"317\" \/><\/a><a href=\"http:\/\/espaieatart.files.wordpress.com\/2012\/01\/ac_wallpaper1.jpg\"><img loading=\"lazy\" decoding=\"async\" class=\"alignnone  wp-image-1065\" title=\"AC_wallpaper1\" src=\"http:\/\/espaieatart.files.wordpress.com\/2012\/01\/ac_wallpaper1.jpg\" alt=\"\" width=\"505\" height=\"695\" \/><\/a><\/p>\n<p>A la imatge superior, portada de Wallpaper. Al costat, la p\u00e0gina d&#8217;inici del reportatge. Sobre aquestes l\u00ednies, el primer per l&#8217;esquerra, Andreu Carulla. A la fotografia es pot veure la taula i la l\u00e0mpada de l&#8217;autor. Imatges cedides per Andreucarullastudio.<\/p>\n","protected":false},"excerpt":{"rendered":"<p>Andreu Carulla, nascut a Banyoles i un dels valors emergents m\u00e9s destacats de la ciutat, ha estat seleccionat per la &#8230;<\/p>\n","protected":false},"author":1,"featured_media":1063,"comment_status":"open","ping_status":"open","sticky":false,"template":"","format":"standard","meta":{"footnotes":""},"categories":[9],"tags":[71,24,25,72,73,27],"class_list":["post-1100","post","type-post","status-publish","format-standard","has-post-thumbnail","hentry","category-historic","tag-andreu-carulla","tag-art","tag-contemporani","tag-desktop-customization","tag-disseny","tag-espai-eat-art"],"_links":{"self":[{"href":"http:\/\/fundaciolluiscoromina.org\/index.php\/wp-json\/wp\/v2\/posts\/1100","targetHints":{"allow":["GET"]}}],"collection":[{"href":"http:\/\/fundaciolluiscoromina.org\/index.php\/wp-json\/wp\/v2\/posts"}],"about":[{"href":"http:\/\/fundaciolluiscoromina.org\/index.php\/wp-json\/wp\/v2\/types\/post"}],"author":[{"embeddable":true,"href":"http:\/\/fundaciolluiscoromina.org\/index.php\/wp-json\/wp\/v2\/users\/1"}],"replies":[{"embeddable":true,"href":"http:\/\/fundaciolluiscoromina.org\/index.php\/wp-json\/wp\/v2\/comments?post=1100"}],"version-history":[{"count":0,"href":"http:\/\/fundaciolluiscoromina.org\/index.php\/wp-json\/wp\/v2\/posts\/1100\/revisions"}],"wp:attachment":[{"href":"http:\/\/fundaciolluiscoromina.org\/index.php\/wp-json\/wp\/v2\/media?parent=1100"}],"wp:term":[{"taxonomy":"category","embeddable":true,"href":"http:\/\/fundaciolluiscoromina.org\/index.php\/wp-json\/wp\/v2\/categories?post=1100"},{"taxonomy":"post_tag","embeddable":true,"href":"http:\/\/fundaciolluiscoromina.org\/index.php\/wp-json\/wp\/v2\/tags?post=1100"}],"curies":[{"name":"wp","href":"https:\/\/api.w.org\/{rel}","templated":true}]}}