{"id":1107,"date":"2012-01-17T09:37:04","date_gmt":"2012-01-17T09:37:04","guid":{"rendered":"http:\/\/espaieatart.wordpress.com\/?p=1107"},"modified":"2012-01-17T09:37:04","modified_gmt":"2012-01-17T09:37:04","slug":"una-obra-de-lluis-vila-i-el-patrocini-el-puntal-presents-al-5e-festival-pepe-sales","status":"publish","type":"post","link":"http:\/\/fundaciolluiscoromina.org\/index.php\/2012\/01\/17\/una-obra-de-lluis-vila-i-el-patrocini-el-puntal-presents-al-5e-festival-pepe-sales\/","title":{"rendered":"Una obra de Llu\u00eds Vil\u00e0 i el patrocini del centre El Puntal, presents al 5\u00e8 festival Pepe Sales"},"content":{"rendered":"<p>L&#8217;any passat el Festival Pepe Sales de Girona va retre homantge a Llu\u00eds Vil\u00e0. Els seus impulsors i directors, Llu\u00eds Llamas i Consol Vidal, propietaris de la Penyora, restaurant i centre d&#8217;art, enguany el dediquen a Teresa de Jes\u00fas. L&#8217;eclecticisme \u00e9s un valor afegit i la clau de volta en un festival que aglutina des d&#8217;amateurs a professionals.<\/p>\n<p>Enguany, Llu\u00eds Vil\u00e0 hi participa amb una obra cedida pel Llu\u00eds Vil\u00e0 Showroom i amb un patrocini del centre El Puntal, ambd\u00f3s centres de Banyoles i impulsat per Llu\u00eds Coromina.<\/p>\n<p>m\u00e9s informaci\u00f3<a href=\"http:\/\/bonartactualitat.wordpress.com\/?s=pepe+sales\">: bonart actualitat<\/a><a href=\"http:\/\/www.elpuntavui.cat\/noticia\/article\/5-cultura\/19-cultura\/494946-teresa-la-santa-lliure.html\"> i Elpuntavui<\/a><\/p>\n<p><a href=\"http:\/\/espaieatart.files.wordpress.com\/2012\/01\/3.jpg\"><img loading=\"lazy\" decoding=\"async\" class=\"alignnone  wp-image-1114\" title=\"3\" src=\"http:\/\/espaieatart.files.wordpress.com\/2012\/01\/3.jpg\" alt=\"\" width=\"486\" height=\"682\" \/><\/a><\/p>\n<p><a href=\"http:\/\/espaieatart.files.wordpress.com\/2012\/01\/r2.jpg\"><img loading=\"lazy\" decoding=\"async\" class=\"alignnone  wp-image-1115\" title=\"r2\" src=\"http:\/\/espaieatart.files.wordpress.com\/2012\/01\/r2.jpg\" alt=\"\" width=\"488\" height=\"683\" \/><\/a><\/p>\n","protected":false},"excerpt":{"rendered":"<p>L&#8217;any passat el Festival Pepe Sales de Girona va retre homantge a Llu\u00eds Vil\u00e0. Els seus impulsors i directors, Llu\u00eds &#8230;<\/p>\n","protected":false},"author":1,"featured_media":1114,"comment_status":"open","ping_status":"open","sticky":false,"template":"","format":"standard","meta":{"footnotes":""},"categories":[9],"tags":[],"class_list":["post-1107","post","type-post","status-publish","format-standard","has-post-thumbnail","hentry","category-historic"],"_links":{"self":[{"href":"http:\/\/fundaciolluiscoromina.org\/index.php\/wp-json\/wp\/v2\/posts\/1107","targetHints":{"allow":["GET"]}}],"collection":[{"href":"http:\/\/fundaciolluiscoromina.org\/index.php\/wp-json\/wp\/v2\/posts"}],"about":[{"href":"http:\/\/fundaciolluiscoromina.org\/index.php\/wp-json\/wp\/v2\/types\/post"}],"author":[{"embeddable":true,"href":"http:\/\/fundaciolluiscoromina.org\/index.php\/wp-json\/wp\/v2\/users\/1"}],"replies":[{"embeddable":true,"href":"http:\/\/fundaciolluiscoromina.org\/index.php\/wp-json\/wp\/v2\/comments?post=1107"}],"version-history":[{"count":0,"href":"http:\/\/fundaciolluiscoromina.org\/index.php\/wp-json\/wp\/v2\/posts\/1107\/revisions"}],"wp:attachment":[{"href":"http:\/\/fundaciolluiscoromina.org\/index.php\/wp-json\/wp\/v2\/media?parent=1107"}],"wp:term":[{"taxonomy":"category","embeddable":true,"href":"http:\/\/fundaciolluiscoromina.org\/index.php\/wp-json\/wp\/v2\/categories?post=1107"},{"taxonomy":"post_tag","embeddable":true,"href":"http:\/\/fundaciolluiscoromina.org\/index.php\/wp-json\/wp\/v2\/tags?post=1107"}],"curies":[{"name":"wp","href":"https:\/\/api.w.org\/{rel}","templated":true}]}}