{"id":1146,"date":"2012-01-16T09:00:39","date_gmt":"2012-01-16T09:00:39","guid":{"rendered":"http:\/\/espaieatart.wordpress.com\/?p=1146"},"modified":"2012-01-16T09:00:39","modified_gmt":"2012-01-16T09:00:39","slug":"lunivers-de-manolo-sierra-a-la-revista-bonart-i-al-suplement-accents-del-diari-de-girona","status":"publish","type":"post","link":"http:\/\/fundaciolluiscoromina.org\/index.php\/2012\/01\/16\/lunivers-de-manolo-sierra-a-la-revista-bonart-i-al-suplement-accents-del-diari-de-girona\/","title":{"rendered":"L&#8217;univers de Manolo Sierra, a la revista bonart i al suplement Accents del Diari de Girona"},"content":{"rendered":"<p><strong>Manolo Sierra<\/strong>, artista gadit\u00e0 afincat a l&#8217;empord\u00e0 des de fa m\u00e9s d&#8217;una d\u00e8cada, i que exposa fins a <strong>final de gener<\/strong> a l&#8217;espai Eat Art, ha rebut des de l&#8217;obertura de l&#8217;exposici\u00f3 el reconeixement d&#8217;una part de la cr\u00edtica en forma d&#8217;escrits. Alguns dels mitjans que s&#8217;han fet ress\u00f2 d&#8217;aquesta mostra retrospectiva han estat la revista especialitzada en art <strong>bonart<\/strong> i el suplement de cultura <em>Accents<\/em> del <strong>Diari de Girona<\/strong>. Ambdues cr\u00edtiques s&#8217;adjunten a continuaci\u00f3.<\/p>\n<p>A banda, l&#8217;exposici\u00f3 \u00e9s una de les m\u00e9s visitades fins al moment, gr\u00e0cies tamb\u00e9 a les diferents activitats que s&#8217;ha\u00a0 programat en motiu de la mostra. Prop de 2.000 perones ja han visitat aquesta exposici\u00f3, on la pintura, el dibuix i el gravat s\u00f3n les peces angulars de la proposta.<\/p>\n<p><a href=\"http:\/\/espaieatart.files.wordpress.com\/2012\/01\/captura-de-pantalla-2012-01-15-a-las-13-00-12.png\"><img loading=\"lazy\" decoding=\"async\" class=\"alignnone size-full wp-image-1152\" title=\"Captura de pantalla 2012-01-15 a la(s) 13.00.12\" src=\"http:\/\/espaieatart.files.wordpress.com\/2012\/01\/captura-de-pantalla-2012-01-15-a-las-13-00-12.png\" alt=\"\" width=\"590\" height=\"690\" \/><\/a><\/p>\n<p><em>revista bonart. beatriz g. moreno<\/em><\/p>\n<p>&nbsp;<\/p>\n<p><a href=\"http:\/\/espaieatart.files.wordpress.com\/2012\/01\/sierraii.jpg\"><img loading=\"lazy\" decoding=\"async\" class=\"alignnone size-full wp-image-1149\" title=\"sierraii\" src=\"http:\/\/espaieatart.files.wordpress.com\/2012\/01\/sierraii.jpg\" alt=\"\" width=\"590\" height=\"371\" \/><\/a><\/p>\n<p><em>diari de girona. eudald camps<\/em><\/p>\n","protected":false},"excerpt":{"rendered":"<p>Manolo Sierra, artista gadit\u00e0 afincat a l&#8217;empord\u00e0 des de fa m\u00e9s d&#8217;una d\u00e8cada, i que exposa fins a final de &#8230;<\/p>\n","protected":false},"author":1,"featured_media":1152,"comment_status":"open","ping_status":"open","sticky":false,"template":"","format":"standard","meta":{"footnotes":""},"categories":[9],"tags":[],"class_list":["post-1146","post","type-post","status-publish","format-standard","has-post-thumbnail","hentry","category-historic"],"_links":{"self":[{"href":"http:\/\/fundaciolluiscoromina.org\/index.php\/wp-json\/wp\/v2\/posts\/1146","targetHints":{"allow":["GET"]}}],"collection":[{"href":"http:\/\/fundaciolluiscoromina.org\/index.php\/wp-json\/wp\/v2\/posts"}],"about":[{"href":"http:\/\/fundaciolluiscoromina.org\/index.php\/wp-json\/wp\/v2\/types\/post"}],"author":[{"embeddable":true,"href":"http:\/\/fundaciolluiscoromina.org\/index.php\/wp-json\/wp\/v2\/users\/1"}],"replies":[{"embeddable":true,"href":"http:\/\/fundaciolluiscoromina.org\/index.php\/wp-json\/wp\/v2\/comments?post=1146"}],"version-history":[{"count":0,"href":"http:\/\/fundaciolluiscoromina.org\/index.php\/wp-json\/wp\/v2\/posts\/1146\/revisions"}],"wp:attachment":[{"href":"http:\/\/fundaciolluiscoromina.org\/index.php\/wp-json\/wp\/v2\/media?parent=1146"}],"wp:term":[{"taxonomy":"category","embeddable":true,"href":"http:\/\/fundaciolluiscoromina.org\/index.php\/wp-json\/wp\/v2\/categories?post=1146"},{"taxonomy":"post_tag","embeddable":true,"href":"http:\/\/fundaciolluiscoromina.org\/index.php\/wp-json\/wp\/v2\/tags?post=1146"}],"curies":[{"name":"wp","href":"https:\/\/api.w.org\/{rel}","templated":true}]}}