{"id":1158,"date":"2012-01-18T09:38:47","date_gmt":"2012-01-18T09:38:47","guid":{"rendered":"http:\/\/espaieatart.wordpress.com\/?p=1158"},"modified":"2012-01-18T09:38:47","modified_gmt":"2012-01-18T09:38:47","slug":"facebook-anem-cap-als-900-amics-gracies-gracias-merci-thanks","status":"publish","type":"post","link":"http:\/\/fundaciolluiscoromina.org\/index.php\/2012\/01\/18\/facebook-anem-cap-als-900-amics-gracies-gracias-merci-thanks\/","title":{"rendered":"Facebook: anem cap als 900 amics. Gr\u00e0cies &#8211; Gracias &#8211; Merci &#8211; Thanks"},"content":{"rendered":"<p>Fa un any i mig que v\u00e0rem engegar el recorregut per les <strong>xarxes socials<\/strong>. El cert \u00e9s que aquest nou mitj\u00e0 ens ha ajudat molt a difondre les activitats que hem dut a terme. El nostre facebook fa mesos que ha arribat als 800 amics i ja anem cap als 900, actualment som 860. <strong>Moltes gr\u00e0cies a tots els que ho heu fet possible!!!!<\/strong><\/p>\n<p>El nostre objectiu pel <strong>2012<\/strong> \u00e9s arribar als <strong>1500 amics<\/strong>. El vostre suport \u00e9s indispensable! Sens dubte, seria una bona fita i ajudaria a amplificar m\u00e9s la tasca que, des de <strong>Banyoles<\/strong>, es projecte cap arreu. Com no, tamb\u00e9 serveix per difondre l&#8217;obra de tots els creadors que passen pels nostres espais, aix\u00ed com a dimensionar la figura de l&#8217;artista <strong>Llu\u00eds Vil\u00e0<\/strong>, el nostre pal de paller.<\/p>\n<p><a href=\"http:\/\/www.facebook.com\/espaieatart.lluisvila\">http:\/\/www.facebook.com\/espaieatart.lluisvila<\/a><\/p>\n<p>&nbsp;<\/p>\n<p><a href=\"http:\/\/espaieatart.files.wordpress.com\/2012\/01\/captura-de-pantalla-2012-01-15-a-las-17-37-48.png\"><img loading=\"lazy\" decoding=\"async\" class=\"alignnone size-full wp-image-1159\" title=\"Captura de pantalla 2012-01-15 a la(s) 17.37.48\" src=\"http:\/\/espaieatart.files.wordpress.com\/2012\/01\/captura-de-pantalla-2012-01-15-a-las-17-37-48.png\" alt=\"\" width=\"590\" height=\"719\" \/><\/a><\/p>\n","protected":false},"excerpt":{"rendered":"<p>Fa un any i mig que v\u00e0rem engegar el recorregut per les xarxes socials. El cert \u00e9s que aquest nou &#8230;<\/p>\n","protected":false},"author":1,"featured_media":1159,"comment_status":"open","ping_status":"open","sticky":false,"template":"","format":"standard","meta":{"footnotes":""},"categories":[9],"tags":[],"class_list":["post-1158","post","type-post","status-publish","format-standard","has-post-thumbnail","hentry","category-historic"],"_links":{"self":[{"href":"http:\/\/fundaciolluiscoromina.org\/index.php\/wp-json\/wp\/v2\/posts\/1158","targetHints":{"allow":["GET"]}}],"collection":[{"href":"http:\/\/fundaciolluiscoromina.org\/index.php\/wp-json\/wp\/v2\/posts"}],"about":[{"href":"http:\/\/fundaciolluiscoromina.org\/index.php\/wp-json\/wp\/v2\/types\/post"}],"author":[{"embeddable":true,"href":"http:\/\/fundaciolluiscoromina.org\/index.php\/wp-json\/wp\/v2\/users\/1"}],"replies":[{"embeddable":true,"href":"http:\/\/fundaciolluiscoromina.org\/index.php\/wp-json\/wp\/v2\/comments?post=1158"}],"version-history":[{"count":0,"href":"http:\/\/fundaciolluiscoromina.org\/index.php\/wp-json\/wp\/v2\/posts\/1158\/revisions"}],"wp:attachment":[{"href":"http:\/\/fundaciolluiscoromina.org\/index.php\/wp-json\/wp\/v2\/media?parent=1158"}],"wp:term":[{"taxonomy":"category","embeddable":true,"href":"http:\/\/fundaciolluiscoromina.org\/index.php\/wp-json\/wp\/v2\/categories?post=1158"},{"taxonomy":"post_tag","embeddable":true,"href":"http:\/\/fundaciolluiscoromina.org\/index.php\/wp-json\/wp\/v2\/tags?post=1158"}],"curies":[{"name":"wp","href":"https:\/\/api.w.org\/{rel}","templated":true}]}}