{"id":1183,"date":"2012-01-20T08:06:36","date_gmt":"2012-01-20T08:06:36","guid":{"rendered":"http:\/\/espaieatart.wordpress.com\/?p=1183"},"modified":"2012-01-20T08:06:36","modified_gmt":"2012-01-20T08:06:36","slug":"col-lectiva-made-in-banyoles2-oberta-al-public-fins-a-finals-de-gener-2012","status":"publish","type":"post","link":"http:\/\/fundaciolluiscoromina.org\/index.php\/2012\/01\/20\/col-lectiva-made-in-banyoles2-oberta-al-public-fins-a-finals-de-gener-2012\/","title":{"rendered":"Col.lectiva MADE IN BANYOLES\/\/2 oberta al p\u00fablic fins a finals de gener 2012"},"content":{"rendered":"<p style=\"text-align:justify;\"><strong><\/strong>L&#8217; exposici\u00f3 col.lectiva <em>\u00abMade in Banyoles\/\/2\u00bb<\/em>, que fins a finals de mes s&#8217;exhibeix en el Llu\u00eds Vil\u00e0 Showroom, El Puntal -laboratori de les arts- de Banyoles, estar\u00e0 oberta al p\u00fablic del dia <span style=\"color:#000000;\">dilluns 23 al dijous 26 de gener 2012, matins de 11h a 13h<\/span>. Els altres dies concertar visita al tel\u00e8fon de contacta: 626 42 75 32<\/p>\n<p><a href=\"http:\/\/espaieatart.files.wordpress.com\/2012\/01\/collage-col-lectiva.jpg\"><img loading=\"lazy\" decoding=\"async\" class=\"alignnone size-full wp-image-1184\" title=\"collage col.lectiva\" src=\"http:\/\/espaieatart.files.wordpress.com\/2012\/01\/collage-col-lectiva.jpg\" alt=\"\" width=\"590\" height=\"258\" \/><\/a><\/p>\n<p style=\"text-align:justify;\">En aquesta ocasi\u00f3, en el \u00ab<em>made in banyoles\/\/2&#8243; <\/em>hi exposen els artistes: Barraca, Marc Curri\u00e0, Benet Costa, Andoni Canela, Gonzalo Tabuenca, Francesc Daranas, Jordi Gich, Carme Pujol, Joan Comalat, Joan de la Parra, Anna Bah\u00ed, Marc Estany, Xicu Cabanyes, Amadeu Fabra, Josep Masdevall, Mim Junc\u00e0, Rafael Feliu, Rafael Marquina i Llu\u00eds Vil\u00e0.<\/p>\n<p style=\"text-align:justify;\">I a l&#8217;exterior hi podem trobat les \u00abovelles\u00bb de Martiri\u00e0 Figueras, d&#8217;ASPECTE Paisatge, Enginyeria i Consultoria de Paisatgisme.<\/p>\n<p style=\"text-align:justify;\"><a href=\"http:\/\/espaieatart.files.wordpress.com\/2012\/01\/ovelles-tiacc80.jpg\"><img loading=\"lazy\" decoding=\"async\" class=\"alignnone  wp-image-1191\" title=\"ovelles tia\u0300\" src=\"http:\/\/espaieatart.files.wordpress.com\/2012\/01\/ovelles-tiacc80.jpg\" alt=\"\" width=\"510\" height=\"383\" \/><\/a> fotografies: annabah\u00ed<\/p>\n","protected":false},"excerpt":{"rendered":"<p>L&#8217; exposici\u00f3 col.lectiva \u00abMade in Banyoles\/\/2\u00bb, que fins a finals de mes s&#8217;exhibeix en el Llu\u00eds Vil\u00e0 Showroom, El Puntal &#8230;<\/p>\n","protected":false},"author":1,"featured_media":1184,"comment_status":"open","ping_status":"open","sticky":false,"template":"","format":"standard","meta":{"footnotes":""},"categories":[9],"tags":[],"class_list":["post-1183","post","type-post","status-publish","format-standard","has-post-thumbnail","hentry","category-historic"],"_links":{"self":[{"href":"http:\/\/fundaciolluiscoromina.org\/index.php\/wp-json\/wp\/v2\/posts\/1183","targetHints":{"allow":["GET"]}}],"collection":[{"href":"http:\/\/fundaciolluiscoromina.org\/index.php\/wp-json\/wp\/v2\/posts"}],"about":[{"href":"http:\/\/fundaciolluiscoromina.org\/index.php\/wp-json\/wp\/v2\/types\/post"}],"author":[{"embeddable":true,"href":"http:\/\/fundaciolluiscoromina.org\/index.php\/wp-json\/wp\/v2\/users\/1"}],"replies":[{"embeddable":true,"href":"http:\/\/fundaciolluiscoromina.org\/index.php\/wp-json\/wp\/v2\/comments?post=1183"}],"version-history":[{"count":0,"href":"http:\/\/fundaciolluiscoromina.org\/index.php\/wp-json\/wp\/v2\/posts\/1183\/revisions"}],"wp:attachment":[{"href":"http:\/\/fundaciolluiscoromina.org\/index.php\/wp-json\/wp\/v2\/media?parent=1183"}],"wp:term":[{"taxonomy":"category","embeddable":true,"href":"http:\/\/fundaciolluiscoromina.org\/index.php\/wp-json\/wp\/v2\/categories?post=1183"},{"taxonomy":"post_tag","embeddable":true,"href":"http:\/\/fundaciolluiscoromina.org\/index.php\/wp-json\/wp\/v2\/tags?post=1183"}],"curies":[{"name":"wp","href":"https:\/\/api.w.org\/{rel}","templated":true}]}}