{"id":1194,"date":"2012-01-20T11:36:40","date_gmt":"2012-01-20T11:36:40","guid":{"rendered":"http:\/\/espaieatart.wordpress.com\/?p=1194"},"modified":"2012-01-20T11:36:40","modified_gmt":"2012-01-20T11:36:40","slug":"dissabte-21-de-gener-2012-a-partir-de-les-12h-manolo-sierra-a-lespai-eat-art-de-banyoles","status":"publish","type":"post","link":"http:\/\/fundaciolluiscoromina.org\/index.php\/2012\/01\/20\/dissabte-21-de-gener-2012-a-partir-de-les-12h-manolo-sierra-a-lespai-eat-art-de-banyoles\/","title":{"rendered":"Manolo Sierra aprofundeix a trav\u00e9s d&#8217;una visita guiada en l&#8217;obra exposada a \u00abD&#8217;est\u00f2mac\u00bb &#8211; espai Eat Art"},"content":{"rendered":"<p style=\"text-align:justify;\"><span style=\"color:#000000;\">Dissabte 21 de gener 2012:<\/span><\/p>\n<p style=\"text-align:justify;\"><span style=\"color:#000000;\">per aquells que no hagin visitat l&#8217;exposici\u00f3 \u00abD&#8217;Est\u00f2mac\u00bb de Manolo Sierra a l&#8217;Espai Eat Art _ Llu\u00eds Vil\u00e0 de Banyoles (<em>en mostra fins el 28 de gener 2012<\/em>) us proposem passar aquest dissabte 21 de gener on, a partir de les 12h del migdia, l&#8217;artista estar\u00e0 present a la sala.<\/span><\/p>\n<p style=\"text-align:justify;\"><span style=\"color:#000000;\">Us-hi esperem!<\/span><\/p>\n<p style=\"text-align:justify;\"><span style=\"color:#000000;\">Horari dels dissabtes: matins de 10 a 13.30h i tardes de 16.30h a 20.30h<\/span><\/p>\n<p style=\"text-align:justify;\">S\u00e1bado 21 de Enero 2012:<\/p>\n<p style=\"text-align:justify;\">Para aquellos que no hayan visitado la exposici\u00f3n \u00abDe Est\u00f3mago\u00bb de Manolo Sierra en el Espai Eat Art _ LLu\u00eds Vil\u00e0 en Banyoles (<em>hasta el 28 de Enero 2012<\/em>), os invitamos a passar este S\u00e1bado 21 de Enero a partir de las 12h del mediod\u00eda, d\u00f3nde el artista har\u00e1 acto de presencia.<\/p>\n<p style=\"text-align:justify;\">Muchas gracias y os esperamos a todos!<\/p>\n<p style=\"text-align:justify;\">Horario de los S\u00e1bados: ma\u00f1anas de 10 a 13.30h y tardes de 16.30 a 20.30h<\/p>\n<p style=\"text-align:justify;\"><a href=\"http:\/\/espaieatart.files.wordpress.com\/2012\/01\/invitacio-manolosierra-eatart.jpg\"><img loading=\"lazy\" decoding=\"async\" class=\"alignnone  wp-image-1196\" title=\"invitacio manolosierra eatart\" src=\"http:\/\/espaieatart.files.wordpress.com\/2012\/01\/invitacio-manolosierra-eatart.jpg\" alt=\"\" width=\"224\" height=\"287\" \/><\/a><a href=\"http:\/\/espaieatart.files.wordpress.com\/2012\/01\/manolo-dia21.jpg\"><img loading=\"lazy\" decoding=\"async\" class=\"alignnone  wp-image-1195\" title=\"MANOLO dia21\" src=\"http:\/\/espaieatart.files.wordpress.com\/2012\/01\/manolo-dia21.jpg\" alt=\"\" width=\"353\" height=\"287\" \/><\/a><\/p>\n","protected":false},"excerpt":{"rendered":"<p>Dissabte 21 de gener 2012: per aquells que no hagin visitat l&#8217;exposici\u00f3 \u00abD&#8217;Est\u00f2mac\u00bb de Manolo Sierra a l&#8217;Espai Eat Art &#8230;<\/p>\n","protected":false},"author":1,"featured_media":1265,"comment_status":"open","ping_status":"open","sticky":false,"template":"","format":"standard","meta":{"footnotes":""},"categories":[9],"tags":[],"class_list":["post-1194","post","type-post","status-publish","format-standard","has-post-thumbnail","hentry","category-historic"],"_links":{"self":[{"href":"http:\/\/fundaciolluiscoromina.org\/index.php\/wp-json\/wp\/v2\/posts\/1194","targetHints":{"allow":["GET"]}}],"collection":[{"href":"http:\/\/fundaciolluiscoromina.org\/index.php\/wp-json\/wp\/v2\/posts"}],"about":[{"href":"http:\/\/fundaciolluiscoromina.org\/index.php\/wp-json\/wp\/v2\/types\/post"}],"author":[{"embeddable":true,"href":"http:\/\/fundaciolluiscoromina.org\/index.php\/wp-json\/wp\/v2\/users\/1"}],"replies":[{"embeddable":true,"href":"http:\/\/fundaciolluiscoromina.org\/index.php\/wp-json\/wp\/v2\/comments?post=1194"}],"version-history":[{"count":0,"href":"http:\/\/fundaciolluiscoromina.org\/index.php\/wp-json\/wp\/v2\/posts\/1194\/revisions"}],"wp:attachment":[{"href":"http:\/\/fundaciolluiscoromina.org\/index.php\/wp-json\/wp\/v2\/media?parent=1194"}],"wp:term":[{"taxonomy":"category","embeddable":true,"href":"http:\/\/fundaciolluiscoromina.org\/index.php\/wp-json\/wp\/v2\/categories?post=1194"},{"taxonomy":"post_tag","embeddable":true,"href":"http:\/\/fundaciolluiscoromina.org\/index.php\/wp-json\/wp\/v2\/tags?post=1194"}],"curies":[{"name":"wp","href":"https:\/\/api.w.org\/{rel}","templated":true}]}}