{"id":1199,"date":"2012-02-06T09:12:23","date_gmt":"2012-02-06T09:12:23","guid":{"rendered":"http:\/\/espaieatart.wordpress.com\/?p=1199"},"modified":"2012-02-06T09:12:23","modified_gmt":"2012-02-06T09:12:23","slug":"el-centre-de-negocis-gild-international-acull-obra-de-lluis-vila-i-rafael-marquina","status":"publish","type":"post","link":"http:\/\/fundaciolluiscoromina.org\/index.php\/2012\/02\/06\/el-centre-de-negocis-gild-international-acull-obra-de-lluis-vila-i-rafael-marquina\/","title":{"rendered":"El centre de negocis Gild International Barcelona acull obra de Llu\u00eds Vil\u00e0 i Rafael Marquina"},"content":{"rendered":"<p><span style=\"color:#000000;\">El centre de negocis Gild International de Barcelona acull des de la setmana passada obres de Llu\u00eds Vil\u00e0 i Rafael Marquina. Ambd\u00f3s autors gestionats pel Llu\u00eds Vil\u00e0 Showroom. El nou centre de negocis barcelon\u00ed, dirigit per l&#8217;emprenadora gironina Laura Pelegr\u00edn, aposta per l&#8217;art i la cultura com un motor per potenciar les empreses i la creativitat.<\/span><\/p>\n<p><a href=\"http:\/\/espaieatart.files.wordpress.com\/2012\/01\/gild.jpg\"><img loading=\"lazy\" decoding=\"async\" class=\"alignnone  wp-image-1200\" title=\"GILD\" src=\"http:\/\/espaieatart.files.wordpress.com\/2012\/01\/gild.jpg\" alt=\"\" width=\"767\" height=\"218\" \/><\/a><\/p>\n<h3>Gild launches Art Gild program<\/h3>\n<p><strong>An exhibition of artworks by Lluis Vil\u00e0 and Rafael Marquina<\/strong><br \/>\nIn February, Gild launched a temporary exhibition of artwork from the painter and sculptor Llu\u00eds Vil\u00e0 (Banyoles, Girona 1952 \u2013 Banyoles, Girona 2010) and the designer and architect Rafael Marquina (Madrid, 1921). This initiative is part of the \u201cGild Art\u201d framework, an art program offered by the networking club to its members.<\/p>\n<p>This exhibition has been made possible thanks to a collaboration with the Banyoles Arts Centre and Gild members will be able to enjoy the pieces at the club until April 2012.<\/p>\n<p>Lluis Vil\u00e0 began his artistic career following the conceptual tendencies of \u201cEat art\u201d, based on the concept of fungibility. Highlights from his early work \u201cles sabates comestibles\u201d (1979) or \u201centre pa enllu\u00eft\u201d (1984). His later work then evolved towards the theme of food with a special interest in the packaging of canned food, which inspired him to shape iron sculptures without volume. These pieces were exhibited at the Sala Vin\u00e7on, Barcelona (1990) and Sala Tr\u00e1nsito, Madrid (1991). Since 1996 he has integrated painting and sculpture, in particular in his series of work called \u201cNavegants\u201d (1995-1997). Once of his most recent pieces, \u201cNautes\u201d (2006), comes close to conceptual art.<\/p>\n<p>Rafael Marquina is a well known industrial designer, in particular for his anti-drop oil and vinegar design sets. He worked in self-propulsion design at Tallers Costa (1957-1958), remodelling the Jowllery J.M Sert (1969). He also designed the round table at Barcelona\u00b492 and the standard lamps at Iluminil S.A. (2004). At Gild International some of his sculptures will be on display, an artistic side to him less known but no less valuable.<\/p>\n<p><span style=\"color:#000000;\">M\u00e9s informaci\u00f3: <a href=\"http:\/\/gild-international.com\/en\/2012\/01\/09\/art-gild\/\">Gild International Barcelona<\/a><\/span><\/p>\n<p><a href=\"http:\/\/espaieatart.files.wordpress.com\/2012\/02\/captura-de-pantalla-2012-02-11-a-las-01-07-41.png\"><img loading=\"lazy\" decoding=\"async\" class=\"alignnone  wp-image-1284\" title=\"Captura de pantalla 2012-02-11 a la(s) 01.07.41\" src=\"http:\/\/espaieatart.files.wordpress.com\/2012\/02\/captura-de-pantalla-2012-02-11-a-las-01-07-41.png\" alt=\"\" width=\"326\" height=\"287\" \/><\/a><\/p>\n","protected":false},"excerpt":{"rendered":"<p>El centre de negocis Gild International de Barcelona acull des de la setmana passada obres de Llu\u00eds Vil\u00e0 i Rafael &#8230;<\/p>\n","protected":false},"author":1,"featured_media":1283,"comment_status":"open","ping_status":"open","sticky":false,"template":"","format":"standard","meta":{"footnotes":""},"categories":[9],"tags":[],"class_list":["post-1199","post","type-post","status-publish","format-standard","has-post-thumbnail","hentry","category-historic"],"_links":{"self":[{"href":"http:\/\/fundaciolluiscoromina.org\/index.php\/wp-json\/wp\/v2\/posts\/1199","targetHints":{"allow":["GET"]}}],"collection":[{"href":"http:\/\/fundaciolluiscoromina.org\/index.php\/wp-json\/wp\/v2\/posts"}],"about":[{"href":"http:\/\/fundaciolluiscoromina.org\/index.php\/wp-json\/wp\/v2\/types\/post"}],"author":[{"embeddable":true,"href":"http:\/\/fundaciolluiscoromina.org\/index.php\/wp-json\/wp\/v2\/users\/1"}],"replies":[{"embeddable":true,"href":"http:\/\/fundaciolluiscoromina.org\/index.php\/wp-json\/wp\/v2\/comments?post=1199"}],"version-history":[{"count":0,"href":"http:\/\/fundaciolluiscoromina.org\/index.php\/wp-json\/wp\/v2\/posts\/1199\/revisions"}],"wp:attachment":[{"href":"http:\/\/fundaciolluiscoromina.org\/index.php\/wp-json\/wp\/v2\/media?parent=1199"}],"wp:term":[{"taxonomy":"category","embeddable":true,"href":"http:\/\/fundaciolluiscoromina.org\/index.php\/wp-json\/wp\/v2\/categories?post=1199"},{"taxonomy":"post_tag","embeddable":true,"href":"http:\/\/fundaciolluiscoromina.org\/index.php\/wp-json\/wp\/v2\/tags?post=1199"}],"curies":[{"name":"wp","href":"https:\/\/api.w.org\/{rel}","templated":true}]}}