{"id":1202,"date":"2012-02-08T11:50:05","date_gmt":"2012-02-08T11:50:05","guid":{"rendered":"http:\/\/espaieatart.wordpress.com\/?p=1202"},"modified":"2012-02-08T11:50:05","modified_gmt":"2012-02-08T11:50:05","slug":"el-portal-de-tendencies-aquisiosi-recomana-el-lluis-vila-showroom","status":"publish","type":"post","link":"http:\/\/fundaciolluiscoromina.org\/index.php\/2012\/02\/08\/el-portal-de-tendencies-aquisiosi-recomana-el-lluis-vila-showroom\/","title":{"rendered":"El portal de tend\u00e8ncies \u00abAquisiosi\u00bb recomana el Llu\u00eds Vil\u00e0 Showroom"},"content":{"rendered":"<p>Dirigit per l&#8217;emprenadora banyolina N\u00faria Barahona, aquest nou portal de tend\u00e8ncies acaba de recomanar en el seu apartat d&#8217;Art i Cultura el Llu\u00eds Vil\u00e0 Showroom. La proposta posa de manifest l&#8217;esperit ecl\u00e8ctic de l&#8217;espai, aix\u00ed com\u00a0 d\u00f3na a con\u00e8ixer la figura del desaparegut Llu\u00eds Vil\u00e0.<\/p>\n<p><a href=\"http:\/\/www.aquisiosi.com\">www.aquisiosi.com<\/a><\/p>\n<p><a href=\"http:\/\/espaieatart.files.wordpress.com\/2012\/02\/captura-de-pantalla-2012-02-07-a-las-19-32-11.png\"><img loading=\"lazy\" decoding=\"async\" class=\"aligncenter size-full wp-image-1237\" title=\"Captura de pantalla 2012-02-07 a la(s) 19.32.11\" src=\"http:\/\/espaieatart.files.wordpress.com\/2012\/02\/captura-de-pantalla-2012-02-07-a-las-19-32-11.png\" alt=\"\" width=\"590\" height=\"605\" \/><\/a><\/p>\n","protected":false},"excerpt":{"rendered":"<p>Dirigit per l&#8217;emprenadora banyolina N\u00faria Barahona, aquest nou portal de tend\u00e8ncies acaba de recomanar en el seu apartat d&#8217;Art i &#8230;<\/p>\n","protected":false},"author":1,"featured_media":708,"comment_status":"open","ping_status":"open","sticky":false,"template":"","format":"standard","meta":{"footnotes":""},"categories":[9],"tags":[],"class_list":["post-1202","post","type-post","status-publish","format-standard","has-post-thumbnail","hentry","category-historic"],"_links":{"self":[{"href":"http:\/\/fundaciolluiscoromina.org\/index.php\/wp-json\/wp\/v2\/posts\/1202","targetHints":{"allow":["GET"]}}],"collection":[{"href":"http:\/\/fundaciolluiscoromina.org\/index.php\/wp-json\/wp\/v2\/posts"}],"about":[{"href":"http:\/\/fundaciolluiscoromina.org\/index.php\/wp-json\/wp\/v2\/types\/post"}],"author":[{"embeddable":true,"href":"http:\/\/fundaciolluiscoromina.org\/index.php\/wp-json\/wp\/v2\/users\/1"}],"replies":[{"embeddable":true,"href":"http:\/\/fundaciolluiscoromina.org\/index.php\/wp-json\/wp\/v2\/comments?post=1202"}],"version-history":[{"count":0,"href":"http:\/\/fundaciolluiscoromina.org\/index.php\/wp-json\/wp\/v2\/posts\/1202\/revisions"}],"wp:attachment":[{"href":"http:\/\/fundaciolluiscoromina.org\/index.php\/wp-json\/wp\/v2\/media?parent=1202"}],"wp:term":[{"taxonomy":"category","embeddable":true,"href":"http:\/\/fundaciolluiscoromina.org\/index.php\/wp-json\/wp\/v2\/categories?post=1202"},{"taxonomy":"post_tag","embeddable":true,"href":"http:\/\/fundaciolluiscoromina.org\/index.php\/wp-json\/wp\/v2\/tags?post=1202"}],"curies":[{"name":"wp","href":"https:\/\/api.w.org\/{rel}","templated":true}]}}