{"id":1203,"date":"2012-02-01T09:15:50","date_gmt":"2012-02-01T09:15:50","guid":{"rendered":"http:\/\/espaieatart.wordpress.com\/?p=1203"},"modified":"2012-02-01T09:15:50","modified_gmt":"2012-02-01T09:15:50","slug":"el-conca-visita-els-espais-i-centres-dart-de-banyoles-impulsats-per-lluis-coromina","status":"publish","type":"post","link":"http:\/\/fundaciolluiscoromina.org\/index.php\/2012\/02\/01\/el-conca-visita-els-espais-i-centres-dart-de-banyoles-impulsats-per-lluis-coromina\/","title":{"rendered":"Visita els espais culturals de Banyoles impulsats per Llu\u00eds Coromina"},"content":{"rendered":"<p><a href=\"http:\/\/espaieatart.files.wordpress.com\/2012\/02\/puntal1.jpg\"><img loading=\"lazy\" decoding=\"async\" class=\"wp-image-1204 alignnone\" title=\"puntal1 conca i coromina\" src=\"http:\/\/espaieatart.files.wordpress.com\/2012\/02\/puntal1.jpg\" alt=\"\" width=\"536\" height=\"398\" \/><\/a><\/p>\n<p>Sobre aquestes l\u00ednies, i d&#8217;esquerra a dreta, Jordi Bosch, regidor de cultura de Banyoles, Norbert Tom\u00e0s, director del Conca -Consell Nacional de la Cultura i de les Arts- Antoni Baulida, delegat de Cultura de la Generalitat de Catalunya a Girona, Llu\u00eds Coromina, impulsor d&#8217;El Puntal, l&#8217;Espai Eat Art i el Llu\u00eds Vil\u00e0 Showroom, i Ricard Planas, director art\u00edstic dels espais art\u00edstics de Llu\u00eds Coromina. Fotografies Anna Bah\u00ed.<\/p>\n<p><span style=\"color:#000000;\">El Departament de Cultura de la Generalitat de Catalunya i el Conca, representat per Antoni Baulida i Norbert Tom\u00e0s respectivament, van fer una visita a les instal\u00b7lacions culturals que impulsa Llu\u00eds Coromina: El Puntal -laboratori de les arts-, Espai Eat Art i Llu\u00eds Vil\u00e0 Showroom. Aquesta visita s&#8217;emmarca dins un marc per part del departament de Cultura per con\u00e8ixer a fons la realitat de tot el territori catal\u00e0. Tom\u00e0s va posar \u00e8mfasi en els di\u00e0legs entre els agents p\u00fablics i el privats, que a Catalunya, \u00abesdevenen un referent i un est\u00edmul\u00bb.<\/span><\/p>\n<p><span style=\"color:#000000;\">La visita va servir per aprofundir en el coneixement sobre l&#8217;obra de Llu\u00eds Vil\u00e0, aix\u00ed com es va poder veure obra de l&#8217;exposici\u00f3 col\u00b7lectiva Made in Banyoles -al Llu\u00eds Vil\u00e0 Showroom-, amb representaci\u00f3 d&#8217;artistes reeixits del territori. Durant la visita a El Puntal, va poder saludar alguns dels integrants d&#8217;Andergraun films, la productora del cineasta Albert Serra i que s&#8217;allotja en el recinte. <\/span><\/p>\n<p><a href=\"http:\/\/espaieatart.files.wordpress.com\/2012\/02\/showroom2.jpg\"><img loading=\"lazy\" decoding=\"async\" class=\"wp-image-1331 alignnone\" title=\"showroom2\" src=\"http:\/\/espaieatart.files.wordpress.com\/2012\/02\/showroom2.jpg\" alt=\"\" width=\"557\" height=\"417\" \/><\/a><\/p>\n<p>Sobre aquestes l\u00ednies, i d&#8217;esquerra a dreta, l&#8217;\u00cdngrid Calpe, t\u00e8cnica de cultura de l&#8217;Ajuntament de Banyoles; Montse Oller, assessora estrat\u00e8gica de les col\u00b7leccions Llu\u00eds Coromina; Jordi Bosch, regidor de cultura de Banyoles;\u00a0Ricard Planas, director art\u00edstic dels espais art\u00edstics eat art i el llu\u00eds vil\u00e0 showroom; Norbert Tom\u00e0s, director del Conca &#8211; Consell Nacional de la Cultura i de les Arts; Antoni Baulida, delegat de Cultura de la Generalitat de Catalunya a Girona i Helena Romag\u00f3s, cap de protocol de Cultura de la Generalitat de Catalunya a Girona. Fotografies Anna Bah\u00ed.<\/p>\n","protected":false},"excerpt":{"rendered":"<p>Sobre aquestes l\u00ednies, i d&#8217;esquerra a dreta, Jordi Bosch, regidor de cultura de Banyoles, Norbert Tom\u00e0s, director del Conca -Consell &#8230;<\/p>\n","protected":false},"author":1,"featured_media":1333,"comment_status":"open","ping_status":"open","sticky":false,"template":"","format":"standard","meta":{"footnotes":""},"categories":[9],"tags":[],"class_list":["post-1203","post","type-post","status-publish","format-standard","has-post-thumbnail","hentry","category-historic"],"_links":{"self":[{"href":"http:\/\/fundaciolluiscoromina.org\/index.php\/wp-json\/wp\/v2\/posts\/1203","targetHints":{"allow":["GET"]}}],"collection":[{"href":"http:\/\/fundaciolluiscoromina.org\/index.php\/wp-json\/wp\/v2\/posts"}],"about":[{"href":"http:\/\/fundaciolluiscoromina.org\/index.php\/wp-json\/wp\/v2\/types\/post"}],"author":[{"embeddable":true,"href":"http:\/\/fundaciolluiscoromina.org\/index.php\/wp-json\/wp\/v2\/users\/1"}],"replies":[{"embeddable":true,"href":"http:\/\/fundaciolluiscoromina.org\/index.php\/wp-json\/wp\/v2\/comments?post=1203"}],"version-history":[{"count":0,"href":"http:\/\/fundaciolluiscoromina.org\/index.php\/wp-json\/wp\/v2\/posts\/1203\/revisions"}],"wp:attachment":[{"href":"http:\/\/fundaciolluiscoromina.org\/index.php\/wp-json\/wp\/v2\/media?parent=1203"}],"wp:term":[{"taxonomy":"category","embeddable":true,"href":"http:\/\/fundaciolluiscoromina.org\/index.php\/wp-json\/wp\/v2\/categories?post=1203"},{"taxonomy":"post_tag","embeddable":true,"href":"http:\/\/fundaciolluiscoromina.org\/index.php\/wp-json\/wp\/v2\/tags?post=1203"}],"curies":[{"name":"wp","href":"https:\/\/api.w.org\/{rel}","templated":true}]}}