{"id":1207,"date":"2012-01-30T01:49:58","date_gmt":"2012-01-30T01:49:58","guid":{"rendered":"http:\/\/espaieatart.wordpress.com\/?p=1207"},"modified":"2012-01-30T01:49:58","modified_gmt":"2012-01-30T01:49:58","slug":"replicar-lart-de-manolo-sierra-amb-un-sopar-tertulia-per-la-cloenda","status":"publish","type":"post","link":"http:\/\/fundaciolluiscoromina.org\/index.php\/2012\/01\/30\/replicar-lart-de-manolo-sierra-amb-un-sopar-tertulia-per-la-cloenda\/","title":{"rendered":"Replicar l&#8217;art de Manolo Sierra amb un sopar-tert\u00falia titulat \u00abMitraic I\u00bb"},"content":{"rendered":"<p><span style=\"color:#000000;\">Replicar l&#8217;art de Manolo Sierra<\/span> <span style=\"color:#000000;\">va ser l&#8217;objectiu del sopar tert\u00falia, que va servir de cloenda de l&#8217;exposici\u00f3 de l&#8217;empordan\u00e8s a l&#8217;espai eat art llu\u00eds vil\u00e0. L&#8217;obra de Sierra, que proposa escenes de gent menjant en grup, va ser el detonant per fer una cloenda on l&#8217;autor va poder explicar tot el que fa refer\u00e8ncia a la seva obra, la generaci\u00f3 d&#8217;aquesta i altres variables. La fragmentaci\u00f3 de les obres, entre cel i terra, i altres cops m\u00e9s descomposades a l&#8217;estil cubista. Tamb\u00e9 es va parlar de referents vius com el pintor brit\u00e0nic David Hockney i la seva manipulaci\u00f3 de la realitat emprant tota mena d&#8217;estris tecnol\u00f2gics. L&#8217;artista tamb\u00e9 va puntualitzar que la mostra havia esdevingut un excel\u00b7lent laboratori per exhibir peces que no s&#8217;havia atrevit a presentar mai, moltes de les quals dibuixos d&#8217;una factura genial, entre metaf\u00edsica, surrealisme i expressionisme, tot alhora.<br \/>\n<\/span><\/p>\n<p><span style=\"color:#000000;\">Aix\u00ed mateix, durant el sopar es va passar el testimoni a Andreu Carulla, com a proper a exposar a l&#8217;espai eat art. 18 persones van gaudir del primer sopar titulat \u00abMitraic 1\u00bb a dins l&#8217;espai, on es va menjar el ja \u00abm\u00edtic\u00bb pa Llu\u00eds Vil\u00e0 fabricat pel forn Can Japet. Durant el menjar tamb\u00e9 es van presentar els dos v\u00eddeos realitzats sobre l&#8217;exposici\u00f3 editats pel v\u00eddeoartista Carlus Camps.<\/span><\/p>\n<p>&#8212;&#8212;&#8212;&#8212;&#8212;&#8212;&#8211;<\/p>\n<p><span style=\"color:#000000;\">MITRAISME.<\/span> El mitraisme o misteris de Mitra \u00e9s una religi\u00f3 mist\u00e8rica molt difosa en l&#8217;Imperi Rom\u00e0 entre els segles I i IV dC en qu\u00e8 es rendia culte a una divinitat anomenada Mitra o Mitres i que va tenir especial implantaci\u00f3 entre els soldats romans. Existeixen testimoniatges materials de la pr\u00e0ctica d&#8217;aquesta religi\u00f3 en nombrosos llocs de l&#8217;antic Imperi Rom\u00e0: a Roma i a Ostia, aix\u00ed com a Maurit\u00e0nia, Brit\u00e0nia i les prov\u00edncies frontereres al llarg del riu Rin i del Danubi, consistents en restes de temples, inscripcions i obres d&#8217;art que representen al d\u00e9u o altres aspectes de la religi\u00f3. Enfront d&#8217;aquesta relativa abund\u00e0ncia de restes arqueol\u00f2giques, s\u00f3n molt escasses les refer\u00e8ncies en textos cl\u00e0ssics a aquesta religi\u00f3.[1]<br \/>\nEls or\u00edgens d&#8217;aquesta religi\u00f3 no es coneixen de forma precisa, encara que els estudiosos coincideixen a afirmar que va arribar al m\u00f3n rom\u00e0 des d&#8217;Orient, concretament des d&#8217;\u00c0sia Menor.[1] La pr\u00e0ctica del mitraisme, com la de totes les religions paganes, va ser declarada il\u00b7legal l&#8217;any 391 per l&#8217;emperador Teodosi.<\/p>\n<p><span style=\"color:#000000;\">BANQUET MITRAIC<\/span>. Sembla ser que el ritus principal de la religi\u00f3 mitraica era un banquet, que va poder tenir certes similituds amb l&#8217;eucaristia del cristianisme. Segons el comentarista cristi\u00e0 Just\u00ed el M\u00e0rtir, els aliments oferts en el banquet eren el pa i l&#8217;aigua, per\u00f2 les troballes arqueol\u00f2giques apunten al fet que es tractava de pa i vi, com en el ritu cristi\u00e0. Aquesta cerim\u00f2nia se celebrava en la part central del mitreu, en la qual dos banquetes paral\u00b7leles oferien espai suficient perqu\u00e8 els fidels poguessin reclinar-se, segons la costum romana, per participar del banquet. Els Corbs (Corax) exercien la funci\u00f3 de servidors en els menjars sagrats. El ritu inclo\u00efa tamb\u00e9 el sacrifici d&#8217;un toro. Tamb\u00e9 se sacrificaven altres animals.<\/p>\n<p><a href=\"http:\/\/espaieatart.files.wordpress.com\/2012\/02\/sopar-espai-eat-art.jpg\"><img loading=\"lazy\" decoding=\"async\" class=\"aligncenter  wp-image-1208\" title=\"sopar espai eat art 30 gener 2012 \/manolo sierra\" src=\"http:\/\/espaieatart.files.wordpress.com\/2012\/02\/sopar-espai-eat-art.jpg\" alt=\"\" width=\"595\" height=\"445\" \/><\/a>Un moment del sopar tert\u00falia amb Manolo Sierra.<\/p>\n","protected":false},"excerpt":{"rendered":"<p>Replicar l&#8217;art de Manolo Sierra va ser l&#8217;objectiu del sopar tert\u00falia, que va servir de cloenda de l&#8217;exposici\u00f3 de l&#8217;empordan\u00e8s &#8230;<\/p>\n","protected":false},"author":1,"featured_media":1257,"comment_status":"open","ping_status":"open","sticky":false,"template":"","format":"standard","meta":{"footnotes":""},"categories":[9],"tags":[],"class_list":["post-1207","post","type-post","status-publish","format-standard","has-post-thumbnail","hentry","category-historic"],"_links":{"self":[{"href":"http:\/\/fundaciolluiscoromina.org\/index.php\/wp-json\/wp\/v2\/posts\/1207","targetHints":{"allow":["GET"]}}],"collection":[{"href":"http:\/\/fundaciolluiscoromina.org\/index.php\/wp-json\/wp\/v2\/posts"}],"about":[{"href":"http:\/\/fundaciolluiscoromina.org\/index.php\/wp-json\/wp\/v2\/types\/post"}],"author":[{"embeddable":true,"href":"http:\/\/fundaciolluiscoromina.org\/index.php\/wp-json\/wp\/v2\/users\/1"}],"replies":[{"embeddable":true,"href":"http:\/\/fundaciolluiscoromina.org\/index.php\/wp-json\/wp\/v2\/comments?post=1207"}],"version-history":[{"count":0,"href":"http:\/\/fundaciolluiscoromina.org\/index.php\/wp-json\/wp\/v2\/posts\/1207\/revisions"}],"wp:attachment":[{"href":"http:\/\/fundaciolluiscoromina.org\/index.php\/wp-json\/wp\/v2\/media?parent=1207"}],"wp:term":[{"taxonomy":"category","embeddable":true,"href":"http:\/\/fundaciolluiscoromina.org\/index.php\/wp-json\/wp\/v2\/categories?post=1207"},{"taxonomy":"post_tag","embeddable":true,"href":"http:\/\/fundaciolluiscoromina.org\/index.php\/wp-json\/wp\/v2\/tags?post=1207"}],"curies":[{"name":"wp","href":"https:\/\/api.w.org\/{rel}","templated":true}]}}