{"id":1277,"date":"2012-02-11T10:44:31","date_gmt":"2012-02-11T10:44:31","guid":{"rendered":"http:\/\/espaieatart.wordpress.com\/?p=1277"},"modified":"2012-02-11T10:44:31","modified_gmt":"2012-02-11T10:44:31","slug":"lexposicio-de-pere-gifre-a-lespai-eat-art-itinerara-a-la-sales-de-lobra-social-caixa-penedes-de-vilafranca-del-penedes","status":"publish","type":"post","link":"http:\/\/fundaciolluiscoromina.org\/index.php\/2012\/02\/11\/lexposicio-de-pere-gifre-a-lespai-eat-art-itinerara-a-la-sales-de-lobra-social-caixa-penedes-de-vilafranca-del-penedes\/","title":{"rendered":"L&#8217;exposici\u00f3 de Pere Gifre a l&#8217;espai eat art itinerar\u00e0 a la sales de l&#8217;Obra Social Caixa Pened\u00e8s de Vilafranca del Pened\u00e8s"},"content":{"rendered":"<p>L&#8217;exposici\u00f3 que l&#8217;espai eat art va organitzar a principis del 2011, <em>Pere Gifre_interf\u00edcie en construcci\u00f3, ess\u00e8ncia el bulli<\/em> continuar\u00e0 la seva itiner\u00e0ncia gr\u00e0cies al suport rebut per l&#8217;<strong>Obra Social Caixa Pened\u00e8s<\/strong>. <strong>Xavier Freixedas<\/strong>, coordinador de l&#8217;\u00e0rea de cultura, va visitar recentment les nostres instal\u00b7lacions per signar aquest acord de col\u00b7laboraci\u00f3 i la possibilitat que aquesta i altres exposicions organitzades per l&#8217;<strong>Espai Eat Art<\/strong> puguin continuar la seva itiner\u00e0ncia cap a Vilafranca del Pened\u00e8s, on l&#8217;entitat hi t\u00e9 una sala d&#8217;exposicions amb unes condicions museol\u00f2giques de primer ordre. La mostra de Pere Gifre est\u00e0 previst que s&#8217;inauguri pel volts del mes de juny d&#8217;aquest 2012.<\/p>\n<p><a href=\"https:\/\/www.caixapenedes.com\/obra_social.asp?fam=2\">www.caixapenedes.com<\/a><\/p>\n<p><a href=\"http:\/\/espaieatart.files.wordpress.com\/2012\/02\/foto1.jpg\"><img loading=\"lazy\" decoding=\"async\" class=\"alignnone size-full wp-image-1293\" title=\"foto1\" src=\"http:\/\/espaieatart.files.wordpress.com\/2012\/02\/foto1.jpg\" alt=\"\" width=\"590\" height=\"447\" \/><\/a><\/p>\n<p>Freixedas davant d&#8217;un quadre de Llu\u00eds vil\u00e0 en el Showroom situat a El Puntal -laboratori de les arts- de Banyoles.<\/p>\n","protected":false},"excerpt":{"rendered":"<p>L&#8217;exposici\u00f3 que l&#8217;espai eat art va organitzar a principis del 2011, Pere Gifre_interf\u00edcie en construcci\u00f3, ess\u00e8ncia el bulli continuar\u00e0 la &#8230;<\/p>\n","protected":false},"author":1,"featured_media":1278,"comment_status":"open","ping_status":"open","sticky":false,"template":"","format":"standard","meta":{"footnotes":""},"categories":[9],"tags":[55,74,75],"class_list":["post-1277","post","type-post","status-publish","format-standard","has-post-thumbnail","hentry","category-historic","tag-art-contemporani","tag-caixa-penedes","tag-xavier-freixedas"],"_links":{"self":[{"href":"http:\/\/fundaciolluiscoromina.org\/index.php\/wp-json\/wp\/v2\/posts\/1277","targetHints":{"allow":["GET"]}}],"collection":[{"href":"http:\/\/fundaciolluiscoromina.org\/index.php\/wp-json\/wp\/v2\/posts"}],"about":[{"href":"http:\/\/fundaciolluiscoromina.org\/index.php\/wp-json\/wp\/v2\/types\/post"}],"author":[{"embeddable":true,"href":"http:\/\/fundaciolluiscoromina.org\/index.php\/wp-json\/wp\/v2\/users\/1"}],"replies":[{"embeddable":true,"href":"http:\/\/fundaciolluiscoromina.org\/index.php\/wp-json\/wp\/v2\/comments?post=1277"}],"version-history":[{"count":0,"href":"http:\/\/fundaciolluiscoromina.org\/index.php\/wp-json\/wp\/v2\/posts\/1277\/revisions"}],"wp:attachment":[{"href":"http:\/\/fundaciolluiscoromina.org\/index.php\/wp-json\/wp\/v2\/media?parent=1277"}],"wp:term":[{"taxonomy":"category","embeddable":true,"href":"http:\/\/fundaciolluiscoromina.org\/index.php\/wp-json\/wp\/v2\/categories?post=1277"},{"taxonomy":"post_tag","embeddable":true,"href":"http:\/\/fundaciolluiscoromina.org\/index.php\/wp-json\/wp\/v2\/tags?post=1277"}],"curies":[{"name":"wp","href":"https:\/\/api.w.org\/{rel}","templated":true}]}}