{"id":1302,"date":"2012-02-14T09:16:07","date_gmt":"2012-02-14T09:16:07","guid":{"rendered":"http:\/\/espaieatart.wordpress.com\/?p=1302"},"modified":"2012-02-14T09:16:07","modified_gmt":"2012-02-14T09:16:07","slug":"el-gol-de-messi-dandreu-carulla-a-lexposicio-de-lespai-eat-art","status":"publish","type":"post","link":"http:\/\/fundaciolluiscoromina.org\/index.php\/2012\/02\/14\/el-gol-de-messi-dandreu-carulla-a-lexposicio-de-lespai-eat-art\/","title":{"rendered":"El Gol de Messi, d&#8217;Andreu Carulla, a l&#8217;exposici\u00f3 de l&#8217;espai eat art"},"content":{"rendered":"<p><iframe loading=\"lazy\" title=\"El Gol d&amp;apos;en Messi\" src=\"https:\/\/player.vimeo.com\/video\/15058377?dnt=1&amp;app_id=122963\" width=\"640\" height=\"480\" frameborder=\"0\" allow=\"autoplay; fullscreen; picture-in-picture; clipboard-write; encrypted-media; web-share\" referrerpolicy=\"strict-origin-when-cross-origin\"><\/iframe><\/p>\n<p><span style=\"color:#000000;\">El plat el <em>Gol de Messi<\/em><\/span> <span style=\"color:#000000;\">\u00e9s un<\/span> <span style=\"color:#000000;\">dels plats m\u00e9s medi\u00e0tics dels elaborats pel Celler de Can Roca. Aquesta obra, dissenyada per l&#8217;equip del Celler amb Andreu Carulla, es pot veure a l&#8217;espai eat art. Es poden veure tan tots els motlles preliminars de la pilota-plat, la tecnologia que hi va a dins, com un v\u00eddeo que d\u00f3na a con\u00e8ixer com s&#8217;ha elaborat el plat a nivell gastron\u00f2mic<\/span>.<\/p>\n<p>m\u00e9s informaci\u00f3: <span style=\"color:#000000;\"><a href=\"http:\/\/www.cellercanroca.com\">el celler de can roca<\/a><\/span><\/p>\n","protected":false},"excerpt":{"rendered":"<p>El plat el Gol de Messi \u00e9s un dels plats m\u00e9s medi\u00e0tics dels elaborats pel Celler de Can Roca. Aquesta &#8230;<\/p>\n","protected":false},"author":1,"featured_media":0,"comment_status":"open","ping_status":"open","sticky":false,"template":"","format":"standard","meta":{"footnotes":""},"categories":[9],"tags":[],"class_list":["post-1302","post","type-post","status-publish","format-standard","hentry","category-historic"],"_links":{"self":[{"href":"http:\/\/fundaciolluiscoromina.org\/index.php\/wp-json\/wp\/v2\/posts\/1302","targetHints":{"allow":["GET"]}}],"collection":[{"href":"http:\/\/fundaciolluiscoromina.org\/index.php\/wp-json\/wp\/v2\/posts"}],"about":[{"href":"http:\/\/fundaciolluiscoromina.org\/index.php\/wp-json\/wp\/v2\/types\/post"}],"author":[{"embeddable":true,"href":"http:\/\/fundaciolluiscoromina.org\/index.php\/wp-json\/wp\/v2\/users\/1"}],"replies":[{"embeddable":true,"href":"http:\/\/fundaciolluiscoromina.org\/index.php\/wp-json\/wp\/v2\/comments?post=1302"}],"version-history":[{"count":0,"href":"http:\/\/fundaciolluiscoromina.org\/index.php\/wp-json\/wp\/v2\/posts\/1302\/revisions"}],"wp:attachment":[{"href":"http:\/\/fundaciolluiscoromina.org\/index.php\/wp-json\/wp\/v2\/media?parent=1302"}],"wp:term":[{"taxonomy":"category","embeddable":true,"href":"http:\/\/fundaciolluiscoromina.org\/index.php\/wp-json\/wp\/v2\/categories?post=1302"},{"taxonomy":"post_tag","embeddable":true,"href":"http:\/\/fundaciolluiscoromina.org\/index.php\/wp-json\/wp\/v2\/tags?post=1302"}],"curies":[{"name":"wp","href":"https:\/\/api.w.org\/{rel}","templated":true}]}}