{"id":1318,"date":"2012-02-13T09:40:09","date_gmt":"2012-02-13T09:40:09","guid":{"rendered":"http:\/\/espaieatart.wordpress.com\/?p=1318"},"modified":"2012-02-13T09:40:09","modified_gmt":"2012-02-13T09:40:09","slug":"teresa-artigas-periodista-de-la-vanguardia-i-especialista-en-temes-dart-i-menjar-visita-lespai-eat-art-i-el-lluis-vila-showroom","status":"publish","type":"post","link":"http:\/\/fundaciolluiscoromina.org\/index.php\/2012\/02\/13\/teresa-artigas-periodista-de-la-vanguardia-i-especialista-en-temes-dart-i-menjar-visita-lespai-eat-art-i-el-lluis-vila-showroom\/","title":{"rendered":"Teresa Artigas, especialista en temes d&#8217;art i menjar i periodista de La Vanguardia, visita l&#8217;espai eat art i el llu\u00eds vil\u00e0 showroom"},"content":{"rendered":"<p><span style=\"color:#000000;\">La periodista i escriptora Teresa Artigas, actualment a La Vanguardia, va visitar aquesta setmana l&#8217;espai eat art i el llu\u00eds vil\u00e0 showroom. Artigas ha escrit diversos llibres entre els quals <em>El lladre del mocador verd <\/em>o<em> Guia off de l&#8217;empord\u00e0<\/em><\/span><span style=\"color:#000000;\">. A banda, com a aficionada al m\u00f3n de la cuina, Artigas va escriure un llibre titulat <em>La cuina de la meva mare<\/em> sobre l&#8217;experi\u00e8ncia<\/span> <span style=\"color:#000000;\">de quinze dels millors cuiners de la pen\u00ednsula: Ferran Adri\u00e0, Mart\u00edn Berasategui, Carme Ruscalleda, Pedro Subijana, Santi Santamar\u00eda, Joan Roca, Fina Puigdevall, Quique Dacosta, Xavier Pellicer, Jean Louis Neichel, Montse Estruch, Ferm\u00ed Puig, Isabel Junc\u00e0, Carles Gaig i Paco Roncero.<\/span> <span style=\"color:#000000;\">Teresa Artigas ha explorat en el passat d&#8217;aquests cuiners per descobrir com all\u00f2 que menjaven de nens ha influ\u00eft en la cuina que fan actualment.<\/span><\/p>\n<p><a href=\"http:\/\/espaieatart.files.wordpress.com\/2012\/02\/img_1938.jpg\"><img loading=\"lazy\" decoding=\"async\" class=\"alignnone size-full wp-image-1319\" title=\"IMG_1938\" src=\"http:\/\/espaieatart.files.wordpress.com\/2012\/02\/img_1938.jpg\" alt=\"\" width=\"590\" height=\"454\" \/><\/a><\/p>\n","protected":false},"excerpt":{"rendered":"<p>La periodista i escriptora Teresa Artigas, actualment a La Vanguardia, va visitar aquesta setmana l&#8217;espai eat art i el llu\u00eds &#8230;<\/p>\n","protected":false},"author":1,"featured_media":1319,"comment_status":"open","ping_status":"open","sticky":false,"template":"","format":"standard","meta":{"footnotes":""},"categories":[9],"tags":[],"class_list":["post-1318","post","type-post","status-publish","format-standard","has-post-thumbnail","hentry","category-historic"],"_links":{"self":[{"href":"http:\/\/fundaciolluiscoromina.org\/index.php\/wp-json\/wp\/v2\/posts\/1318","targetHints":{"allow":["GET"]}}],"collection":[{"href":"http:\/\/fundaciolluiscoromina.org\/index.php\/wp-json\/wp\/v2\/posts"}],"about":[{"href":"http:\/\/fundaciolluiscoromina.org\/index.php\/wp-json\/wp\/v2\/types\/post"}],"author":[{"embeddable":true,"href":"http:\/\/fundaciolluiscoromina.org\/index.php\/wp-json\/wp\/v2\/users\/1"}],"replies":[{"embeddable":true,"href":"http:\/\/fundaciolluiscoromina.org\/index.php\/wp-json\/wp\/v2\/comments?post=1318"}],"version-history":[{"count":0,"href":"http:\/\/fundaciolluiscoromina.org\/index.php\/wp-json\/wp\/v2\/posts\/1318\/revisions"}],"wp:attachment":[{"href":"http:\/\/fundaciolluiscoromina.org\/index.php\/wp-json\/wp\/v2\/media?parent=1318"}],"wp:term":[{"taxonomy":"category","embeddable":true,"href":"http:\/\/fundaciolluiscoromina.org\/index.php\/wp-json\/wp\/v2\/categories?post=1318"},{"taxonomy":"post_tag","embeddable":true,"href":"http:\/\/fundaciolluiscoromina.org\/index.php\/wp-json\/wp\/v2\/tags?post=1318"}],"curies":[{"name":"wp","href":"https:\/\/api.w.org\/{rel}","templated":true}]}}