{"id":1340,"date":"2012-02-17T10:44:39","date_gmt":"2012-02-17T10:44:39","guid":{"rendered":"http:\/\/espaieatart.wordpress.com\/?p=1340"},"modified":"2012-02-17T10:44:39","modified_gmt":"2012-02-17T10:44:39","slug":"joan-roca-visita-lexposicio-que-lespai-eat-art-dedica-a-les-seves-creacions-amb-andreu-carulla","status":"publish","type":"post","link":"http:\/\/fundaciolluiscoromina.org\/index.php\/2012\/02\/17\/joan-roca-visita-lexposicio-que-lespai-eat-art-dedica-a-les-seves-creacions-amb-andreu-carulla\/","title":{"rendered":"Joan Roca visita l\u2019exposici\u00f3 que l\u2019espai eat art dedica a les seves creacions amb Andreu Carulla"},"content":{"rendered":"<p><span style=\"color:#000000;\">Joan Roca \u00e9s, en aquests moments, el millor artista-cuiner del m\u00f3n. La seva creativitat traspassa fronteres i la seva innnovaci\u00f3 amb arrels sedueix propis i estranys. Part de tot aquest imaginari creatiu dels darrers anys, que ha elaborat gr\u00e0cies a l\u2019enginy de l\u2019escultor-enginyer Andreu Carulla, es pot veure aquests dies i durant tot el mes de mar\u00e7 a l\u2019Espai Eat Art de Banyoles. Un centre especialitzat en temes d\u2019art i alimentaci\u00f3, impulsat pel fil\u00e0ntrop catal\u00e0 Llu\u00eds Coromina, i que \u00e9s l\u2019\u00fanic en aquesta modalitat arreu de la pen\u00ednsula. L\u2019exposici\u00f3, que d\u00f3na a con\u00e8ixer la confecci\u00f3 de les escultures-plats i tot el proc\u00e9s per arribar-hi, va ser visitada ahir al vespre per Joan Roca. Amb el cuiner-artista hi van ser presents Andreu Carulla i Ricard Planas, curadors de l\u2019exposici\u00f3. A banda, un equip t\u00e8cnic dirigit per Roca va aprofitar per gravar part de l\u2019exposici\u00f3 per posteriorment poder-la difondre en trobades internacionals. (not\u00edcia gentilesa <a href=\"http:\/\/www.bonart.cat\/actual\/joan-roca-visita-lexposicio-que-lespai-eat-art-dedica-a-les-seves-creacions-fetes-amb-andreu-carulla\/\">www.bonart.cat<\/a>)<br \/>\n<\/span><\/p>\n<p><a href=\"http:\/\/www.cellercanroca.com\/\">www.cellercanroca.com<\/a><\/p>\n<p><a href=\"http:\/\/www.andreucarulla.com\/\">www.andreucarulla.com<\/a><\/p>\n","protected":false},"excerpt":{"rendered":"<p>Joan Roca \u00e9s, en aquests moments, el millor artista-cuiner del m\u00f3n. La seva creativitat traspassa fronteres i la seva innnovaci\u00f3 &#8230;<\/p>\n","protected":false},"author":1,"featured_media":1345,"comment_status":"open","ping_status":"open","sticky":false,"template":"","format":"standard","meta":{"footnotes":""},"categories":[9],"tags":[],"class_list":["post-1340","post","type-post","status-publish","format-standard","has-post-thumbnail","hentry","category-historic"],"_links":{"self":[{"href":"http:\/\/fundaciolluiscoromina.org\/index.php\/wp-json\/wp\/v2\/posts\/1340","targetHints":{"allow":["GET"]}}],"collection":[{"href":"http:\/\/fundaciolluiscoromina.org\/index.php\/wp-json\/wp\/v2\/posts"}],"about":[{"href":"http:\/\/fundaciolluiscoromina.org\/index.php\/wp-json\/wp\/v2\/types\/post"}],"author":[{"embeddable":true,"href":"http:\/\/fundaciolluiscoromina.org\/index.php\/wp-json\/wp\/v2\/users\/1"}],"replies":[{"embeddable":true,"href":"http:\/\/fundaciolluiscoromina.org\/index.php\/wp-json\/wp\/v2\/comments?post=1340"}],"version-history":[{"count":0,"href":"http:\/\/fundaciolluiscoromina.org\/index.php\/wp-json\/wp\/v2\/posts\/1340\/revisions"}],"wp:attachment":[{"href":"http:\/\/fundaciolluiscoromina.org\/index.php\/wp-json\/wp\/v2\/media?parent=1340"}],"wp:term":[{"taxonomy":"category","embeddable":true,"href":"http:\/\/fundaciolluiscoromina.org\/index.php\/wp-json\/wp\/v2\/categories?post=1340"},{"taxonomy":"post_tag","embeddable":true,"href":"http:\/\/fundaciolluiscoromina.org\/index.php\/wp-json\/wp\/v2\/tags?post=1340"}],"curies":[{"name":"wp","href":"https:\/\/api.w.org\/{rel}","templated":true}]}}