{"id":1348,"date":"2012-02-26T04:11:37","date_gmt":"2012-02-26T04:11:37","guid":{"rendered":"http:\/\/espaieatart.wordpress.com\/?p=1348"},"modified":"2012-02-26T04:11:37","modified_gmt":"2012-02-26T04:11:37","slug":"regions-intermitges-de-lluis-vila-a-benefici-de-mas-casadevall-per-lexposicio-lart-amb-lautisme","status":"publish","type":"post","link":"http:\/\/fundaciolluiscoromina.org\/index.php\/2012\/02\/26\/regions-intermitges-de-lluis-vila-a-benefici-de-mas-casadevall-per-lexposicio-lart-amb-lautisme\/","title":{"rendered":"\u00abRegions intermitges\u00bb de Llu\u00eds Vil\u00e0 a benefici de Mas Casadevall per l&#8217;exposici\u00f3 \u00abL&#8217;Art amb l&#8217;autisme\u00bb"},"content":{"rendered":"<p><span style=\"color:#000000;\">L&#8217;obra de Llu\u00eds Vil\u00e0 \u00abRegions intermitges\u00bb \u00e9s la contribuci\u00f3 per l&#8217;exposici\u00f3 \u00abL&#8217;Art amb l&#8217;autisme\u00bb que hem fet des del Llu\u00eds Vil\u00e0 Showroom &#8211; El Puntal &#8211; Fundaci\u00f3 Llu\u00eds Coromina. Aquesta exposici\u00f3 serveix per recaptar fons a benefici de La Fundaci\u00f3 Autisme Mas Casadevall de Banyoles i s&#8217;inaugura el proper 2 de mar\u00e7 a la Casa de Cultura de Girona a partir de les 7 del vespre. L&#8217;exposici\u00f3 es podr\u00e0 veure a la Sala Dom\u00e8nec Fita (1r pis) del 3 al 13 de mar\u00e7 de 10 a 14 i de 16 a 20 h.<\/span><\/p>\n<p><span style=\"color:#000000;\">Llu\u00eds Vil\u00e0 sempre havia estat molt sensibilitzat en temes de car\u00e0cter social, aix\u00ed com totes les persones que estem desenvolupant tasques dins els espais culturals que encap\u00e7ala Llu\u00eds Coromina.<\/span><\/p>\n<p><span style=\"color:#000000;\">link d&#8217;inter\u00e8s:<\/span><\/p>\n<p><a href=\"http:\/\/www.mascasadevall.net\">www.mascasadevall.net<\/a><\/p>\n<p><a href=\"http:\/\/www.casadecultura.org\/web\/noticies\/229\/1\/inauguracio-de-l-rsquo-exposicio-ldquo-l-rsquo-art-amb-l-rsquo-autisme-rdquo\">www.casadecultura.org<\/a><\/p>\n<p><span style=\"color:#000000;\"><a href=\"http:\/\/espaieatart.files.wordpress.com\/2012\/02\/imagen-1.png\"><img loading=\"lazy\" decoding=\"async\" class=\"alignnone  wp-image-1353\" title=\"Imagen 1\" src=\"http:\/\/espaieatart.files.wordpress.com\/2012\/02\/imagen-1.png\" alt=\"\" width=\"469\" height=\"810\" \/><\/a><\/span><\/p>\n","protected":false},"excerpt":{"rendered":"<p>L&#8217;obra de Llu\u00eds Vil\u00e0 \u00abRegions intermitges\u00bb \u00e9s la contribuci\u00f3 per l&#8217;exposici\u00f3 \u00abL&#8217;Art amb l&#8217;autisme\u00bb que hem fet des del Llu\u00eds &#8230;<\/p>\n","protected":false},"author":1,"featured_media":1357,"comment_status":"open","ping_status":"open","sticky":false,"template":"","format":"standard","meta":{"footnotes":""},"categories":[9],"tags":[],"class_list":["post-1348","post","type-post","status-publish","format-standard","has-post-thumbnail","hentry","category-historic"],"_links":{"self":[{"href":"http:\/\/fundaciolluiscoromina.org\/index.php\/wp-json\/wp\/v2\/posts\/1348","targetHints":{"allow":["GET"]}}],"collection":[{"href":"http:\/\/fundaciolluiscoromina.org\/index.php\/wp-json\/wp\/v2\/posts"}],"about":[{"href":"http:\/\/fundaciolluiscoromina.org\/index.php\/wp-json\/wp\/v2\/types\/post"}],"author":[{"embeddable":true,"href":"http:\/\/fundaciolluiscoromina.org\/index.php\/wp-json\/wp\/v2\/users\/1"}],"replies":[{"embeddable":true,"href":"http:\/\/fundaciolluiscoromina.org\/index.php\/wp-json\/wp\/v2\/comments?post=1348"}],"version-history":[{"count":0,"href":"http:\/\/fundaciolluiscoromina.org\/index.php\/wp-json\/wp\/v2\/posts\/1348\/revisions"}],"wp:attachment":[{"href":"http:\/\/fundaciolluiscoromina.org\/index.php\/wp-json\/wp\/v2\/media?parent=1348"}],"wp:term":[{"taxonomy":"category","embeddable":true,"href":"http:\/\/fundaciolluiscoromina.org\/index.php\/wp-json\/wp\/v2\/categories?post=1348"},{"taxonomy":"post_tag","embeddable":true,"href":"http:\/\/fundaciolluiscoromina.org\/index.php\/wp-json\/wp\/v2\/tags?post=1348"}],"curies":[{"name":"wp","href":"https:\/\/api.w.org\/{rel}","templated":true}]}}