{"id":1359,"date":"2012-03-06T16:44:32","date_gmt":"2012-03-06T16:44:32","guid":{"rendered":"http:\/\/espaieatart.wordpress.com\/?p=1359"},"modified":"2012-03-06T16:44:32","modified_gmt":"2012-03-06T16:44:32","slug":"lluis-vila-i-el-congres-de-labsolut-presents-als-actes-de-lunivers-borges-del-juny","status":"publish","type":"post","link":"http:\/\/fundaciolluiscoromina.org\/index.php\/2012\/03\/06\/lluis-vila-i-el-congres-de-labsolut-presents-als-actes-de-lunivers-borges-del-juny\/","title":{"rendered":"Llu\u00eds Vil\u00e0 i \u00abEl congr\u00e9s de l&#8217;absolut\u00bb presents als actes de l&#8217;Univers Borges"},"content":{"rendered":"<p><span style=\"color:#000000;\">Girona acollir\u00e0 el proper mes de juny els actes que sota el t\u00edtol<em> Univers<\/em> es dedicaran a la figura del literat argent\u00ed Jorge Luis Borges. En el marc d&#8217;aquestes celebracions, el Llu\u00eds Vil\u00e0 Showroom de Banyoles se suma a aquest esdeveniment hi tindr\u00e0 una pres\u00e8ncia destacada en forma de la \u00fanica exposici\u00f3 del cicle.<\/span><\/p>\n<p><span style=\"color:#000000;\"> En concret, Llu\u00eds Vil\u00e0<\/span> <span style=\"color:#000000;\">durant el per\u00edode 2009-2010 va desenvolupar tota una s\u00e8rie d&#8217;obres basades en un conte de Borges, en concret <em>El Congreso<\/em> <em>del mundo<\/em>, que s&#8217;inclou dins <em>El libro de arena<\/em>, de 1975. L&#8217;artista va titular les peces amb el nom de <em>El congr\u00e9s de l&#8217;Absolut<\/em>, basant-se en unes obres precedents que havia desenvolupat.<br \/>\n<\/span><\/p>\n<p><span style=\"color:#000000;\">L&#8217;exposici\u00f3 que s&#8217;inaugurar\u00e0 a principis del mes de juny al Llu\u00eds Vil\u00e0 Showroom de l&#8217;edifici El Puntal, de cares al mes d&#8217;octubre, tindr\u00e0 una itiner\u00e0ncia de cares a les biblioteques p\u00fabliques de Girona.<\/span><\/p>\n","protected":false},"excerpt":{"rendered":"<p>Girona acollir\u00e0 el proper mes de juny els actes que sota el t\u00edtol Univers es dedicaran a la figura del &#8230;<\/p>\n","protected":false},"author":1,"featured_media":1360,"comment_status":"open","ping_status":"open","sticky":false,"template":"","format":"standard","meta":{"footnotes":""},"categories":[9],"tags":[78,24,79,25,80,81,82,22,83],"class_list":["post-1359","post","type-post","status-publish","format-standard","has-post-thumbnail","hentry","category-historic","tag-absoluts","tag-art","tag-congres-de-labsolut","tag-contemporani","tag-el-congreso","tag-jorge-luis-borges","tag-libro-de-arena","tag-lluis-vila","tag-univers-borges"],"_links":{"self":[{"href":"http:\/\/fundaciolluiscoromina.org\/index.php\/wp-json\/wp\/v2\/posts\/1359","targetHints":{"allow":["GET"]}}],"collection":[{"href":"http:\/\/fundaciolluiscoromina.org\/index.php\/wp-json\/wp\/v2\/posts"}],"about":[{"href":"http:\/\/fundaciolluiscoromina.org\/index.php\/wp-json\/wp\/v2\/types\/post"}],"author":[{"embeddable":true,"href":"http:\/\/fundaciolluiscoromina.org\/index.php\/wp-json\/wp\/v2\/users\/1"}],"replies":[{"embeddable":true,"href":"http:\/\/fundaciolluiscoromina.org\/index.php\/wp-json\/wp\/v2\/comments?post=1359"}],"version-history":[{"count":0,"href":"http:\/\/fundaciolluiscoromina.org\/index.php\/wp-json\/wp\/v2\/posts\/1359\/revisions"}],"wp:attachment":[{"href":"http:\/\/fundaciolluiscoromina.org\/index.php\/wp-json\/wp\/v2\/media?parent=1359"}],"wp:term":[{"taxonomy":"category","embeddable":true,"href":"http:\/\/fundaciolluiscoromina.org\/index.php\/wp-json\/wp\/v2\/categories?post=1359"},{"taxonomy":"post_tag","embeddable":true,"href":"http:\/\/fundaciolluiscoromina.org\/index.php\/wp-json\/wp\/v2\/tags?post=1359"}],"curies":[{"name":"wp","href":"https:\/\/api.w.org\/{rel}","templated":true}]}}