{"id":1367,"date":"2012-03-31T10:18:43","date_gmt":"2012-03-31T10:18:43","guid":{"rendered":"http:\/\/espaieatart.wordpress.com\/?p=1367"},"modified":"2012-03-31T10:18:43","modified_gmt":"2012-03-31T10:18:43","slug":"lluis-vila-dos-anys-en-el-record","status":"publish","type":"post","link":"http:\/\/fundaciolluiscoromina.org\/index.php\/2012\/03\/31\/lluis-vila-dos-anys-en-el-record\/","title":{"rendered":"Llu\u00eds Vil\u00e0, dos anys en el record"},"content":{"rendered":"<p>Ahir va fer dos anys de la mort de Llu\u00eds Vil\u00e0. Un bon poema per recordar-lo. A l&#8217;al\u00e7ada de la seva v\u00e0lua humana i art\u00edstica.<\/p>\n<p><span style=\"color:#000000;\">Quina petita p\u00e0tria <\/span><br \/>\n<span style=\"color:#000000;\"> encercla el cementiri! <\/span><br \/>\n<span style=\"color:#000000;\"> Aquesta mar, Sinera, <\/span><br \/>\n<span style=\"color:#000000;\"> turons de pins i vinya, <\/span><br \/>\n<span style=\"color:#000000;\"> pols de rials. No estimo <\/span><br \/>\n<span style=\"color:#000000;\"> res m\u00e9s, excepte l&#8217;ombra <\/span><br \/>\n<span style=\"color:#000000;\"> viatgera d&#8217;un n\u00favol. <\/span><br \/>\n<span style=\"color:#000000;\"> El lent record <\/span><br \/>\n<span style=\"color:#000000;\"> dels dies <\/span><br \/>\n<span style=\"color:#000000;\"> que s\u00f3n passats per sempre.<\/span><\/p>\n<p><em>Salvador Espriu<\/em>. <em>Cementiri de sinera<\/em><\/p>\n<p><em><\/em><a href=\"http:\/\/espaieatart.files.wordpress.com\/2012\/03\/img_1088.jpg\"><img loading=\"lazy\" decoding=\"async\" class=\"alignleft size-large wp-image-1368\" title=\"IMG_1088\" src=\"http:\/\/espaieatart.files.wordpress.com\/2012\/03\/img_1088.jpg?w=805\" alt=\"\" width=\"805\" height=\"1024\" \/><\/a>Instal.laci\u00f3 d&#8217;\u00c0lex Nogu\u00e9 al Centre d&#8217;Art Contemporani B\u00f2lit de Girona.<\/p>\n","protected":false},"excerpt":{"rendered":"<p>Ahir va fer dos anys de la mort de Llu\u00eds Vil\u00e0. Un bon poema per recordar-lo. A l&#8217;al\u00e7ada de la &#8230;<\/p>\n","protected":false},"author":1,"featured_media":1368,"comment_status":"open","ping_status":"open","sticky":false,"template":"","format":"standard","meta":{"footnotes":""},"categories":[9],"tags":[22,84],"class_list":["post-1367","post","type-post","status-publish","format-standard","has-post-thumbnail","hentry","category-historic","tag-lluis-vila","tag-salvador-espriu"],"_links":{"self":[{"href":"http:\/\/fundaciolluiscoromina.org\/index.php\/wp-json\/wp\/v2\/posts\/1367","targetHints":{"allow":["GET"]}}],"collection":[{"href":"http:\/\/fundaciolluiscoromina.org\/index.php\/wp-json\/wp\/v2\/posts"}],"about":[{"href":"http:\/\/fundaciolluiscoromina.org\/index.php\/wp-json\/wp\/v2\/types\/post"}],"author":[{"embeddable":true,"href":"http:\/\/fundaciolluiscoromina.org\/index.php\/wp-json\/wp\/v2\/users\/1"}],"replies":[{"embeddable":true,"href":"http:\/\/fundaciolluiscoromina.org\/index.php\/wp-json\/wp\/v2\/comments?post=1367"}],"version-history":[{"count":0,"href":"http:\/\/fundaciolluiscoromina.org\/index.php\/wp-json\/wp\/v2\/posts\/1367\/revisions"}],"wp:attachment":[{"href":"http:\/\/fundaciolluiscoromina.org\/index.php\/wp-json\/wp\/v2\/media?parent=1367"}],"wp:term":[{"taxonomy":"category","embeddable":true,"href":"http:\/\/fundaciolluiscoromina.org\/index.php\/wp-json\/wp\/v2\/categories?post=1367"},{"taxonomy":"post_tag","embeddable":true,"href":"http:\/\/fundaciolluiscoromina.org\/index.php\/wp-json\/wp\/v2\/tags?post=1367"}],"curies":[{"name":"wp","href":"https:\/\/api.w.org\/{rel}","templated":true}]}}