{"id":1370,"date":"2013-06-19T10:54:52","date_gmt":"2013-06-19T10:54:52","guid":{"rendered":"http:\/\/espaieatart.wordpress.com\/?p=1370"},"modified":"2013-06-19T10:54:52","modified_gmt":"2013-06-19T10:54:52","slug":"homenatge-a-lluis-vila-a-lespai-eat-art","status":"publish","type":"post","link":"http:\/\/fundaciolluiscoromina.org\/index.php\/2013\/06\/19\/homenatge-a-lluis-vila-a-lespai-eat-art\/","title":{"rendered":"Maping en l&#8217;homenatge a Llu\u00eds Vil\u00e0 a l&#8217;Espai Eatart"},"content":{"rendered":"<p><a href=\"http:\/\/espaieatart.files.wordpress.com\/2012\/03\/projecciocc81-vilacc80-p1.jpg\"><img loading=\"lazy\" decoding=\"async\" class=\"alignleft size-large wp-image-1683\" alt=\"PROJECCIO\u0301 VILA\u0300 P1\" src=\"http:\/\/espaieatart.files.wordpress.com\/2012\/03\/projecciocc81-vilacc80-p1.jpg?w=590\" width=\"590\" height=\"382\" \/><\/a><\/p>\n<p><a href=\"http:\/\/espaieatart.files.wordpress.com\/2013\/06\/977198_10201089819025595_352719685_o.jpg\"><img loading=\"lazy\" decoding=\"async\" class=\"alignleft size-large wp-image-1688\" alt=\"977198_10201089819025595_352719685_o\" src=\"http:\/\/espaieatart.files.wordpress.com\/2013\/06\/977198_10201089819025595_352719685_o.jpg?w=590\" width=\"590\" height=\"839\" \/><\/a><\/p>\n<p><a href=\"http:\/\/espaieatart.files.wordpress.com\/2013\/06\/ocellets-vilacc80-p1.jpg\"><img loading=\"lazy\" decoding=\"async\" class=\"alignleft size-large wp-image-1690\" alt=\"OCELLETS VILA\u0300 P1\" src=\"http:\/\/espaieatart.files.wordpress.com\/2013\/06\/ocellets-vilacc80-p1.jpg?w=590\" width=\"590\" height=\"393\" \/><\/a>Els Amics de Llu\u00eds Vil\u00e0 amb la col\u00b7laboraci\u00f3 de l&#8217;Espai Eat Art &#8211; Vil\u00e0 i la Fundaci\u00f3 Llu\u00eds Coromina de Banyoles han organitzat diferents activitats del 15 al 21 de juny per homenatge l&#8217;artista banyol\u00ed Llu\u00eds Vil\u00e0. Una de les activitats va consistir en un maping a la fa\u00e7ana de la seva casa &#8211; estudi de Banyoles. Aix\u00ed mateix, durant aquests dies tb es va dur a terme una exposici\u00f3 d&#8217;ocells de paper tunejats per artistes del pla de l&#8217;estany. (Fotografies Pere Duran).<\/p>\n","protected":false},"excerpt":{"rendered":"<p>Els Amics de Llu\u00eds Vil\u00e0 amb la col\u00b7laboraci\u00f3 de l&#8217;Espai Eat Art &#8211; Vil\u00e0 i la Fundaci\u00f3 Llu\u00eds Coromina de &#8230;<\/p>\n","protected":false},"author":1,"featured_media":1683,"comment_status":"open","ping_status":"open","sticky":false,"template":"","format":"image","meta":{"footnotes":""},"categories":[9],"tags":[],"class_list":["post-1370","post","type-post","status-publish","format-image","has-post-thumbnail","hentry","category-historic","post_format-post-format-image"],"_links":{"self":[{"href":"http:\/\/fundaciolluiscoromina.org\/index.php\/wp-json\/wp\/v2\/posts\/1370","targetHints":{"allow":["GET"]}}],"collection":[{"href":"http:\/\/fundaciolluiscoromina.org\/index.php\/wp-json\/wp\/v2\/posts"}],"about":[{"href":"http:\/\/fundaciolluiscoromina.org\/index.php\/wp-json\/wp\/v2\/types\/post"}],"author":[{"embeddable":true,"href":"http:\/\/fundaciolluiscoromina.org\/index.php\/wp-json\/wp\/v2\/users\/1"}],"replies":[{"embeddable":true,"href":"http:\/\/fundaciolluiscoromina.org\/index.php\/wp-json\/wp\/v2\/comments?post=1370"}],"version-history":[{"count":0,"href":"http:\/\/fundaciolluiscoromina.org\/index.php\/wp-json\/wp\/v2\/posts\/1370\/revisions"}],"wp:attachment":[{"href":"http:\/\/fundaciolluiscoromina.org\/index.php\/wp-json\/wp\/v2\/media?parent=1370"}],"wp:term":[{"taxonomy":"category","embeddable":true,"href":"http:\/\/fundaciolluiscoromina.org\/index.php\/wp-json\/wp\/v2\/categories?post=1370"},{"taxonomy":"post_tag","embeddable":true,"href":"http:\/\/fundaciolluiscoromina.org\/index.php\/wp-json\/wp\/v2\/tags?post=1370"}],"curies":[{"name":"wp","href":"https:\/\/api.w.org\/{rel}","templated":true}]}}