{"id":1375,"date":"2012-05-17T21:13:44","date_gmt":"2012-05-17T21:13:44","guid":{"rendered":"http:\/\/espaieatart.wordpress.com\/?p=1375"},"modified":"2012-05-17T21:13:44","modified_gmt":"2012-05-17T21:13:44","slug":"premis-gidi-2012","status":"publish","type":"post","link":"http:\/\/fundaciolluiscoromina.org\/index.php\/2012\/05\/17\/premis-gidi-2012\/","title":{"rendered":"PREMIS GIDI 2012"},"content":{"rendered":"<p><a href=\"http:\/\/espaieatart.files.wordpress.com\/2012\/04\/780_008_4539444_66cbdf06d70457bdedf56063257c3053.jpg\"><img loading=\"lazy\" decoding=\"async\" class=\"alignleft size-full wp-image-1376\" title=\"L'associaci\u00f3 GIDI  premsa elpuntavui\" src=\"http:\/\/espaieatart.files.wordpress.com\/2012\/04\/780_008_4539444_66cbdf06d70457bdedf56063257c3053.jpg\" alt=\"\" width=\"590\" height=\"341\" \/><\/a><\/p>\n<p>Foto premsa el puntavui<\/p>\n<p style=\"text-align:justify;\">L\u2019ag\u00e8ncia de Banyoles Enserio va guanyar el premi al Millor Valor Comunicatiu amb el material creat per a la promoci\u00f3 del festival (A)phonica 2011. La imatge consistia en els rostres de diferents personatges del m\u00f3n de la m\u00fasica, creats a partir de pastilles Juanola.<\/p>\n<p><a href=\"http:\/\/espaieatart.files.wordpress.com\/2012\/05\/juanola.jpg\"><img loading=\"lazy\" decoding=\"async\" class=\"alignleft size-full wp-image-1443\" title=\"juanola\" src=\"http:\/\/espaieatart.files.wordpress.com\/2012\/05\/juanola.jpg\" alt=\"\" width=\"590\" height=\"442\" \/><\/a><\/p>\n<p style=\"text-align:justify;\">Tamb\u00e9, en homenatge al desaparegut artista Llu\u00eds Vil\u00e0, els Enserio van muntar\/dissenyar la seva imatge -amb pastilles Juanola-,\u00a0 durant l&#8217;exposici\u00f3 que van fer dels cartells del Festival (a)ph\u00f2nica a l&#8217;Espai Eat Art Llu\u00eds Vil\u00e0 de Banyoles 2011.<\/p>\n<p><a href=\"http:\/\/espaieatart.files.wordpress.com\/2012\/04\/muntatge-juanolaaphonica.jpg\"><img loading=\"lazy\" decoding=\"async\" class=\"alignleft size-large wp-image-1377\" title=\"muntatge juanola(aphonica\" src=\"http:\/\/espaieatart.files.wordpress.com\/2012\/04\/muntatge-juanolaaphonica.jpg?w=1024\" alt=\"\" width=\"1024\" height=\"486\" \/><\/a><\/p>\n<p>&nbsp;<\/p>\n","protected":false},"excerpt":{"rendered":"<p>Foto premsa el puntavui L\u2019ag\u00e8ncia de Banyoles Enserio va guanyar el premi al Millor Valor Comunicatiu amb el material creat &#8230;<\/p>\n","protected":false},"author":1,"featured_media":1376,"comment_status":"open","ping_status":"open","sticky":false,"template":"","format":"standard","meta":{"footnotes":""},"categories":[9],"tags":[],"class_list":["post-1375","post","type-post","status-publish","format-standard","has-post-thumbnail","hentry","category-historic"],"_links":{"self":[{"href":"http:\/\/fundaciolluiscoromina.org\/index.php\/wp-json\/wp\/v2\/posts\/1375","targetHints":{"allow":["GET"]}}],"collection":[{"href":"http:\/\/fundaciolluiscoromina.org\/index.php\/wp-json\/wp\/v2\/posts"}],"about":[{"href":"http:\/\/fundaciolluiscoromina.org\/index.php\/wp-json\/wp\/v2\/types\/post"}],"author":[{"embeddable":true,"href":"http:\/\/fundaciolluiscoromina.org\/index.php\/wp-json\/wp\/v2\/users\/1"}],"replies":[{"embeddable":true,"href":"http:\/\/fundaciolluiscoromina.org\/index.php\/wp-json\/wp\/v2\/comments?post=1375"}],"version-history":[{"count":0,"href":"http:\/\/fundaciolluiscoromina.org\/index.php\/wp-json\/wp\/v2\/posts\/1375\/revisions"}],"wp:attachment":[{"href":"http:\/\/fundaciolluiscoromina.org\/index.php\/wp-json\/wp\/v2\/media?parent=1375"}],"wp:term":[{"taxonomy":"category","embeddable":true,"href":"http:\/\/fundaciolluiscoromina.org\/index.php\/wp-json\/wp\/v2\/categories?post=1375"},{"taxonomy":"post_tag","embeddable":true,"href":"http:\/\/fundaciolluiscoromina.org\/index.php\/wp-json\/wp\/v2\/tags?post=1375"}],"curies":[{"name":"wp","href":"https:\/\/api.w.org\/{rel}","templated":true}]}}