{"id":1417,"date":"2012-05-06T18:15:05","date_gmt":"2012-05-06T18:15:05","guid":{"rendered":"http:\/\/espaieatart.wordpress.com\/?p=1417"},"modified":"2012-05-06T18:15:05","modified_gmt":"2012-05-06T18:15:05","slug":"victoria-campillo-materia-prima-a-lespai-eat-art-de-banyoles","status":"publish","type":"post","link":"http:\/\/fundaciolluiscoromina.org\/index.php\/2012\/05\/06\/victoria-campillo-materia-prima-a-lespai-eat-art-de-banyoles\/","title":{"rendered":"Vict\u00f2ria Campillo \u00abmateria prima\u00bb a l&#8217;Espai Eat Art de Banyoles"},"content":{"rendered":"<p><a href=\"http:\/\/espaieatart.files.wordpress.com\/2012\/05\/campillo-collage.jpg\"><img loading=\"lazy\" decoding=\"async\" class=\"alignleft  wp-image-1418\" title=\"campillo collage\" src=\"http:\/\/espaieatart.files.wordpress.com\/2012\/05\/campillo-collage.jpg\" alt=\"\" width=\"590\" height=\"308\" \/><\/a><\/p>\n<p style=\"text-align:justify;\">El passat dia 5 de maig 2012 es va inaugurar l&#8217;exposici\u00f3 \u00abmateria prima\u00bb de Vict\u00f2ria Campillo a l&#8217;Espai Eat Art LLu\u00eds Vil\u00e0 de Banyoles, que es podr\u00e0 veure fins el 30 de juny.\u00a0 L&#8217; acte el van presentar Montse Oller, en representaci\u00f3 de la direcci\u00f3 de l&#8217;espai, Jes\u00fas Mart\u00ednez Clar\u00e0, col.laborador i cr\u00edtic d&#8217;art de La Vanguardia, V\u00edctor Cortina i la mateixa artista Vict\u00f2ria Campillo.<\/p>\n<p style=\"text-align:justify;\">En exposici\u00f3 tres de les seves s\u00e8ries m\u00e9s conegudes: el sant sopar, les sopes i els excrements.<\/p>\n","protected":false},"excerpt":{"rendered":"<p>El passat dia 5 de maig 2012 es va inaugurar l&#8217;exposici\u00f3 \u00abmateria prima\u00bb de Vict\u00f2ria Campillo a l&#8217;Espai Eat Art &#8230;<\/p>\n","protected":false},"author":1,"featured_media":1418,"comment_status":"open","ping_status":"open","sticky":false,"template":"","format":"standard","meta":{"footnotes":""},"categories":[9],"tags":[],"class_list":["post-1417","post","type-post","status-publish","format-standard","has-post-thumbnail","hentry","category-historic"],"_links":{"self":[{"href":"http:\/\/fundaciolluiscoromina.org\/index.php\/wp-json\/wp\/v2\/posts\/1417","targetHints":{"allow":["GET"]}}],"collection":[{"href":"http:\/\/fundaciolluiscoromina.org\/index.php\/wp-json\/wp\/v2\/posts"}],"about":[{"href":"http:\/\/fundaciolluiscoromina.org\/index.php\/wp-json\/wp\/v2\/types\/post"}],"author":[{"embeddable":true,"href":"http:\/\/fundaciolluiscoromina.org\/index.php\/wp-json\/wp\/v2\/users\/1"}],"replies":[{"embeddable":true,"href":"http:\/\/fundaciolluiscoromina.org\/index.php\/wp-json\/wp\/v2\/comments?post=1417"}],"version-history":[{"count":0,"href":"http:\/\/fundaciolluiscoromina.org\/index.php\/wp-json\/wp\/v2\/posts\/1417\/revisions"}],"wp:attachment":[{"href":"http:\/\/fundaciolluiscoromina.org\/index.php\/wp-json\/wp\/v2\/media?parent=1417"}],"wp:term":[{"taxonomy":"category","embeddable":true,"href":"http:\/\/fundaciolluiscoromina.org\/index.php\/wp-json\/wp\/v2\/categories?post=1417"},{"taxonomy":"post_tag","embeddable":true,"href":"http:\/\/fundaciolluiscoromina.org\/index.php\/wp-json\/wp\/v2\/tags?post=1417"}],"curies":[{"name":"wp","href":"https:\/\/api.w.org\/{rel}","templated":true}]}}