{"id":1424,"date":"2012-05-17T20:43:18","date_gmt":"2012-05-17T20:43:18","guid":{"rendered":"http:\/\/espaieatart.wordpress.com\/?p=1424"},"modified":"2012-05-17T20:43:18","modified_gmt":"2012-05-17T20:43:18","slug":"conveni-amb-lajuntament-de-banyoles","status":"publish","type":"post","link":"http:\/\/fundaciolluiscoromina.org\/index.php\/2012\/05\/17\/conveni-amb-lajuntament-de-banyoles\/","title":{"rendered":"Conveni amb l&#8217;Ajuntament de Banyoles"},"content":{"rendered":"<p style=\"text-align:justify;\">L&#8217;Ajuntament de Banyoles, \u00c0rea de Serveis a les persones CULTURA i PATRIMONI CULTURAL han signat un conveni amb l&#8217;empresa NEM_B de Banyoles vinculada amb les activitats que es desenvolupen al centre d&#8217;exposicions Espai Eat Art de la pla\u00e7a Major i Llu\u00eds Vil\u00e0 Showroom, ubicat a l&#8217;espai El Puntal -laboratori de les arts- del c\/girona,\u00a0 per a la difusi\u00f3 de les Arts Visuals i activitats vinculades en l&#8217;entorn cultural.<\/p>\n<p><a href=\"http:\/\/espaieatart.files.wordpress.com\/2012\/05\/conveni-cultura.jpg\"><img loading=\"lazy\" decoding=\"async\" class=\"alignleft  wp-image-1425\" title=\"conveni cultura\" src=\"http:\/\/espaieatart.files.wordpress.com\/2012\/05\/conveni-cultura.jpg\" alt=\"\" width=\"285\" height=\"294\" \/><\/a><\/p>\n<p>&nbsp;<\/p>\n<p>&nbsp;<\/p>\n<p>&nbsp;<\/p>\n<p>&nbsp;<\/p>\n<p>&nbsp;<\/p>\n<p>&nbsp;<\/p>\n<p>&nbsp;<\/p>\n<p>Foto: Ajuntament de Banyoles<\/p>\n<p>&nbsp;<\/p>\n","protected":false},"excerpt":{"rendered":"<p>L&#8217;Ajuntament de Banyoles, \u00c0rea de Serveis a les persones CULTURA i PATRIMONI CULTURAL han signat un conveni amb l&#8217;empresa NEM_B &#8230;<\/p>\n","protected":false},"author":1,"featured_media":1425,"comment_status":"open","ping_status":"open","sticky":false,"template":"","format":"standard","meta":{"footnotes":""},"categories":[9],"tags":[],"class_list":["post-1424","post","type-post","status-publish","format-standard","has-post-thumbnail","hentry","category-historic"],"_links":{"self":[{"href":"http:\/\/fundaciolluiscoromina.org\/index.php\/wp-json\/wp\/v2\/posts\/1424","targetHints":{"allow":["GET"]}}],"collection":[{"href":"http:\/\/fundaciolluiscoromina.org\/index.php\/wp-json\/wp\/v2\/posts"}],"about":[{"href":"http:\/\/fundaciolluiscoromina.org\/index.php\/wp-json\/wp\/v2\/types\/post"}],"author":[{"embeddable":true,"href":"http:\/\/fundaciolluiscoromina.org\/index.php\/wp-json\/wp\/v2\/users\/1"}],"replies":[{"embeddable":true,"href":"http:\/\/fundaciolluiscoromina.org\/index.php\/wp-json\/wp\/v2\/comments?post=1424"}],"version-history":[{"count":0,"href":"http:\/\/fundaciolluiscoromina.org\/index.php\/wp-json\/wp\/v2\/posts\/1424\/revisions"}],"wp:attachment":[{"href":"http:\/\/fundaciolluiscoromina.org\/index.php\/wp-json\/wp\/v2\/media?parent=1424"}],"wp:term":[{"taxonomy":"category","embeddable":true,"href":"http:\/\/fundaciolluiscoromina.org\/index.php\/wp-json\/wp\/v2\/categories?post=1424"},{"taxonomy":"post_tag","embeddable":true,"href":"http:\/\/fundaciolluiscoromina.org\/index.php\/wp-json\/wp\/v2\/tags?post=1424"}],"curies":[{"name":"wp","href":"https:\/\/api.w.org\/{rel}","templated":true}]}}