{"id":1427,"date":"2012-05-16T19:25:51","date_gmt":"2012-05-16T19:25:51","guid":{"rendered":"http:\/\/espaieatart.wordpress.com\/?p=1427"},"modified":"2012-05-16T19:25:51","modified_gmt":"2012-05-16T19:25:51","slug":"programa-anima-canal33-de-visita-a-lespai-eat-art-de-banyoles","status":"publish","type":"post","link":"http:\/\/fundaciolluiscoromina.org\/index.php\/2012\/05\/16\/programa-anima-canal33-de-visita-a-lespai-eat-art-de-banyoles\/","title":{"rendered":"Programa \u00c0NIMA (canal33) de visita a l&#8217;Espai Eat Art de Banyoles"},"content":{"rendered":"<p style=\"text-align:justify;\">El programa \u00c0nima, programa cultural del canal33, ha estat de visita per la ciutat de Banyoles i a l&#8217;Espai Eat Art Llu\u00eds Vil\u00e0, entre altres espais i col.lectius art\u00edstics. El seu director Ricard Planas, ha estat explicant la filosofia de la sala on, en aquests moments, es pot visitar l&#8217;exposici\u00f3 \u00abmateria prima\u00bb de l&#8217;artista Vict\u00f2ria Campillo.<\/p>\n<p style=\"text-align:justify;\"><a href=\"http:\/\/espaieatart.files.wordpress.com\/2012\/05\/anima-collage.jpg\"><img loading=\"lazy\" decoding=\"async\" class=\"alignleft size-full wp-image-1428\" title=\"anima collage\" src=\"http:\/\/espaieatart.files.wordpress.com\/2012\/05\/anima-collage.jpg\" alt=\"\" width=\"590\" height=\"437\" \/><\/a><\/p>\n","protected":false},"excerpt":{"rendered":"<p>El programa \u00c0nima, programa cultural del canal33, ha estat de visita per la ciutat de Banyoles i a l&#8217;Espai Eat &#8230;<\/p>\n","protected":false},"author":1,"featured_media":1428,"comment_status":"open","ping_status":"open","sticky":false,"template":"","format":"standard","meta":{"footnotes":""},"categories":[9],"tags":[],"class_list":["post-1427","post","type-post","status-publish","format-standard","has-post-thumbnail","hentry","category-historic"],"_links":{"self":[{"href":"http:\/\/fundaciolluiscoromina.org\/index.php\/wp-json\/wp\/v2\/posts\/1427","targetHints":{"allow":["GET"]}}],"collection":[{"href":"http:\/\/fundaciolluiscoromina.org\/index.php\/wp-json\/wp\/v2\/posts"}],"about":[{"href":"http:\/\/fundaciolluiscoromina.org\/index.php\/wp-json\/wp\/v2\/types\/post"}],"author":[{"embeddable":true,"href":"http:\/\/fundaciolluiscoromina.org\/index.php\/wp-json\/wp\/v2\/users\/1"}],"replies":[{"embeddable":true,"href":"http:\/\/fundaciolluiscoromina.org\/index.php\/wp-json\/wp\/v2\/comments?post=1427"}],"version-history":[{"count":0,"href":"http:\/\/fundaciolluiscoromina.org\/index.php\/wp-json\/wp\/v2\/posts\/1427\/revisions"}],"wp:attachment":[{"href":"http:\/\/fundaciolluiscoromina.org\/index.php\/wp-json\/wp\/v2\/media?parent=1427"}],"wp:term":[{"taxonomy":"category","embeddable":true,"href":"http:\/\/fundaciolluiscoromina.org\/index.php\/wp-json\/wp\/v2\/categories?post=1427"},{"taxonomy":"post_tag","embeddable":true,"href":"http:\/\/fundaciolluiscoromina.org\/index.php\/wp-json\/wp\/v2\/tags?post=1427"}],"curies":[{"name":"wp","href":"https:\/\/api.w.org\/{rel}","templated":true}]}}