{"id":1437,"date":"2012-05-17T20:07:41","date_gmt":"2012-05-17T20:07:41","guid":{"rendered":"http:\/\/espaieatart.wordpress.com\/?p=1437"},"modified":"2012-05-17T20:07:41","modified_gmt":"2012-05-17T20:07:41","slug":"actes-dhomenatge-a-carles-fontsere-2012","status":"publish","type":"post","link":"http:\/\/fundaciolluiscoromina.org\/index.php\/2012\/05\/17\/actes-dhomenatge-a-carles-fontsere-2012\/","title":{"rendered":"Actes d&#8217;homenatge a CARLES FONTSER\u00c8 2012"},"content":{"rendered":"<p style=\"text-align:justify;\">El passat mes d&#8217;abril es va convocar una primera reuni\u00f3 de treball, enfocat a posar de relleu la figura de Carles Fontser\u00e8 (en el cinqu\u00e8 aniversari de la seva mort) a trav\u00e9s d&#8217;activitats que posin de relleu les seves diferents facetes art\u00edstiques i intel.lectuals (cartellista, pintor, escriptor, periodista&#8230;) malgrat que s&#8217;intentar\u00e0 posar \u00e8mfasi en un apartat que resta poc conegut: la de fotoperiodista. Una vessant que resta acompanyada per un fons fotogr\u00e0fic de primer ordre, ubicat en el seu estudi de Porqueres.<\/p>\n<p style=\"text-align:justify;\">Des de bonart cultural i la Fundaci\u00f3 Llu\u00eds Coromina [El Puntal, Espai Eat Art i LLu\u00eds Vil\u00e0 Showroom], conjuntament amb el suport de l&#8217;Ajuntament de Banyoles i Porqueres, i amb la complicitat de Terry Broch, dona de Carles Fontser\u00e8, es va iniciar el repte d&#8217;engegar aquest seguit d&#8217;activitats. Aix\u00ed mateix el Departament de Cultura de la Generalitat, a trav\u00e9s del seu representant a Girona, Antoni Baulida, tamb\u00e9 forma part d&#8217;aquest comit\u00e8 inicial impulsor que ara obrim a un ventall m\u00e9s ampli de la societat gironina i catalana.<\/p>\n<p style=\"text-align:justify;\"><a href=\"http:\/\/espaieatart.files.wordpress.com\/2012\/05\/1areuniocc81-fontserecc80-grup.jpg\"><img loading=\"lazy\" decoding=\"async\" class=\"alignleft size-full wp-image-1438\" title=\"1areunio\u0301 fontsere\u0300 grup\" src=\"http:\/\/espaieatart.files.wordpress.com\/2012\/05\/1areuniocc81-fontserecc80-grup.jpg\" alt=\"\" width=\"590\" height=\"394\" \/><\/a><\/p>\n","protected":false},"excerpt":{"rendered":"<p>El passat mes d&#8217;abril es va convocar una primera reuni\u00f3 de treball, enfocat a posar de relleu la figura de &#8230;<\/p>\n","protected":false},"author":1,"featured_media":1438,"comment_status":"open","ping_status":"open","sticky":false,"template":"","format":"standard","meta":{"footnotes":""},"categories":[9],"tags":[],"class_list":["post-1437","post","type-post","status-publish","format-standard","has-post-thumbnail","hentry","category-historic"],"_links":{"self":[{"href":"http:\/\/fundaciolluiscoromina.org\/index.php\/wp-json\/wp\/v2\/posts\/1437","targetHints":{"allow":["GET"]}}],"collection":[{"href":"http:\/\/fundaciolluiscoromina.org\/index.php\/wp-json\/wp\/v2\/posts"}],"about":[{"href":"http:\/\/fundaciolluiscoromina.org\/index.php\/wp-json\/wp\/v2\/types\/post"}],"author":[{"embeddable":true,"href":"http:\/\/fundaciolluiscoromina.org\/index.php\/wp-json\/wp\/v2\/users\/1"}],"replies":[{"embeddable":true,"href":"http:\/\/fundaciolluiscoromina.org\/index.php\/wp-json\/wp\/v2\/comments?post=1437"}],"version-history":[{"count":0,"href":"http:\/\/fundaciolluiscoromina.org\/index.php\/wp-json\/wp\/v2\/posts\/1437\/revisions"}],"wp:attachment":[{"href":"http:\/\/fundaciolluiscoromina.org\/index.php\/wp-json\/wp\/v2\/media?parent=1437"}],"wp:term":[{"taxonomy":"category","embeddable":true,"href":"http:\/\/fundaciolluiscoromina.org\/index.php\/wp-json\/wp\/v2\/categories?post=1437"},{"taxonomy":"post_tag","embeddable":true,"href":"http:\/\/fundaciolluiscoromina.org\/index.php\/wp-json\/wp\/v2\/tags?post=1437"}],"curies":[{"name":"wp","href":"https:\/\/api.w.org\/{rel}","templated":true}]}}