{"id":1466,"date":"2012-06-02T14:07:09","date_gmt":"2012-06-02T14:07:09","guid":{"rendered":"http:\/\/espaieatart.wordpress.com\/?p=1466"},"modified":"2012-06-02T14:07:09","modified_gmt":"2012-06-02T14:07:09","slug":"finalitzada-lexposicio-fluxus-dimma-trias-en-el-puntal","status":"publish","type":"post","link":"http:\/\/fundaciolluiscoromina.org\/index.php\/2012\/06\/02\/finalitzada-lexposicio-fluxus-dimma-trias-en-el-puntal\/","title":{"rendered":"Finalitzada l&#8217;exposici\u00f3 \u00abFLUXUS\u00bb d&#8217;Imma Trias en El Puntal"},"content":{"rendered":"<p style=\"text-align:justify;\">Avui finalitza l&#8217;exposici\u00f3 \u00abFluxus\u00bb de l&#8217;artista Imma Trias (Bonmat\u00ed 1979) que s&#8217;ha exhibit durant tot el mes de maig 2012 en el Llu\u00eds Vil\u00e0 Showroom, El Puntal -laboratori de les arts- de Banyoles. Hem tingut les visites d&#8217;amistats i professorat de l&#8217;Escola d&#8217;Arts d&#8217;Olot, alumnes de l&#8217;Institut Brugulat de Banyoles, professorat de l&#8217;Escola Pia d&#8217;Olot, artistes pl\u00e0stics i escultors. Tres de les seves peces florals es troben aquest cap de setmana en el 5\u00e8 ART i NATURA dins la 35a Exposici\u00f3 de Flors de Banyoles (1, 2 i 3 de juny).<\/p>\n<p style=\"text-align:justify;\"><a href=\"http:\/\/espaieatart.files.wordpress.com\/2012\/06\/visites-fluxus-collage.jpg\"><img loading=\"lazy\" decoding=\"async\" class=\"alignleft size-full wp-image-1467\" title=\"visites fluxus collage maig 2012 imma trias el puntal\" src=\"http:\/\/espaieatart.files.wordpress.com\/2012\/06\/visites-fluxus-collage.jpg\" alt=\"\" width=\"590\" height=\"391\" \/><\/a><\/p>\n","protected":false},"excerpt":{"rendered":"<p>Avui finalitza l&#8217;exposici\u00f3 \u00abFluxus\u00bb de l&#8217;artista Imma Trias (Bonmat\u00ed 1979) que s&#8217;ha exhibit durant tot el mes de maig 2012 &#8230;<\/p>\n","protected":false},"author":1,"featured_media":1467,"comment_status":"open","ping_status":"open","sticky":false,"template":"","format":"standard","meta":{"footnotes":""},"categories":[9],"tags":[],"class_list":["post-1466","post","type-post","status-publish","format-standard","has-post-thumbnail","hentry","category-historic"],"_links":{"self":[{"href":"http:\/\/fundaciolluiscoromina.org\/index.php\/wp-json\/wp\/v2\/posts\/1466","targetHints":{"allow":["GET"]}}],"collection":[{"href":"http:\/\/fundaciolluiscoromina.org\/index.php\/wp-json\/wp\/v2\/posts"}],"about":[{"href":"http:\/\/fundaciolluiscoromina.org\/index.php\/wp-json\/wp\/v2\/types\/post"}],"author":[{"embeddable":true,"href":"http:\/\/fundaciolluiscoromina.org\/index.php\/wp-json\/wp\/v2\/users\/1"}],"replies":[{"embeddable":true,"href":"http:\/\/fundaciolluiscoromina.org\/index.php\/wp-json\/wp\/v2\/comments?post=1466"}],"version-history":[{"count":0,"href":"http:\/\/fundaciolluiscoromina.org\/index.php\/wp-json\/wp\/v2\/posts\/1466\/revisions"}],"wp:attachment":[{"href":"http:\/\/fundaciolluiscoromina.org\/index.php\/wp-json\/wp\/v2\/media?parent=1466"}],"wp:term":[{"taxonomy":"category","embeddable":true,"href":"http:\/\/fundaciolluiscoromina.org\/index.php\/wp-json\/wp\/v2\/categories?post=1466"},{"taxonomy":"post_tag","embeddable":true,"href":"http:\/\/fundaciolluiscoromina.org\/index.php\/wp-json\/wp\/v2\/tags?post=1466"}],"curies":[{"name":"wp","href":"https:\/\/api.w.org\/{rel}","templated":true}]}}