{"id":1469,"date":"2012-06-07T20:13:54","date_gmt":"2012-06-07T20:13:54","guid":{"rendered":"http:\/\/espaieatart.wordpress.com\/?p=1469"},"modified":"2012-06-07T20:13:54","modified_gmt":"2012-06-07T20:13:54","slug":"lluis-vila-el-congres-de-labsolut-al-puntal-laboratori-de-les-arts-banyoles","status":"publish","type":"post","link":"http:\/\/fundaciolluiscoromina.org\/index.php\/2012\/06\/07\/lluis-vila-el-congres-de-labsolut-al-puntal-laboratori-de-les-arts-banyoles\/","title":{"rendered":"LLu\u00eds Vil\u00e0 \u00abEL CONGR\u00c9S DE L&#8217;ABSOLUT\u00bb al Puntal -laboratori de les arts-Banyoles"},"content":{"rendered":"<p style=\"text-align:justify;\"><span style=\"color:#191919;font-size:x-large;\"><strong>El Puntal-Laboratori de les Arts de Banyoles participa en les jornades \u00abUnivers Borges\u00bb de Girona amb l\u2019exposici\u00f3 \u00abEl congr\u00e9s de l\u2019absolut\u00bb, que recull la s\u00e8rie p\u00f2stuma de Llu\u00eds Vil\u00e0, inspirada en el relat \u00abEl congreso\u00bb de Jorge Luis Borges.<\/strong><\/span><\/p>\n<div><span style=\"color:#191919;font-size:x-large;\"><strong><a href=\"http:\/\/espaieatart.files.wordpress.com\/2012\/06\/presentaciocc81-congrecc81s1.jpg\"><img loading=\"lazy\" decoding=\"async\" class=\"alignleft size-full wp-image-1470\" title=\"presentacio\u0301 congre\u0301s1\" src=\"http:\/\/espaieatart.files.wordpress.com\/2012\/06\/presentaciocc81-congrecc81s1.jpg\" alt=\"\" width=\"590\" height=\"394\" \/><\/a><\/strong><\/span><\/div>\n<div><\/div>\n<div><span style=\"font-size:large;\">El Puntal-Laboratori de les Arts de Banyoles s\u2019afegeix a l\u2019homenatge realitzat a l\u2019escriptor argent\u00ed Jorge Luis Borges amb una exposici\u00f3 que mostra les obres que Llu\u00eds Vil\u00e0 va dur a terme inspirant-se en el relat, El Congreso del mundo incl\u00f3s en \u00abEl libro de Arena\u00bb. Les obres s\u00f3n les darreres que Vil\u00e0 va elaborar abans de morir sobtadament el 2010. S\u00f3n una vintena de peces que no s\u2019han exposat mai en el seu conjunt de manera completa.<\/span><\/div>\n<div><\/div>\n<p>L\u2019exposici\u00f3, sota la curadoria de Ricard Planas, ha comptat amb la col.laboraci\u00f3 de l\u2019escriptora Anna Carreras i ha estat presentada pel periodista i amic de Llu\u00eds Vil\u00e0, Salvador Garcia-Arb\u00f3s.<\/p>\n<div><\/div>\n<div><strong>Amb motiu de l\u2019exposici\u00f3, que es pot veure fins al 7 de setembre (hores a convenir des de l&#8217;Espai Eat Art , pla\u00e7a major 33 Banyoles) el dia 29 de juny a les 20h., es dur\u00e0 a terme la taula rodona \u00abJorge Luis Borges vs. Llu\u00eds Vil\u00e0\u00bb amb els escriptors Joaqu\u00edn Marco i Manel Foraster.<\/strong><\/div>\n","protected":false},"excerpt":{"rendered":"<p>El Puntal-Laboratori de les Arts de Banyoles participa en les jornades \u00abUnivers Borges\u00bb de Girona amb l\u2019exposici\u00f3 \u00abEl congr\u00e9s de &#8230;<\/p>\n","protected":false},"author":1,"featured_media":1470,"comment_status":"open","ping_status":"open","sticky":false,"template":"","format":"standard","meta":{"footnotes":""},"categories":[9],"tags":[],"class_list":["post-1469","post","type-post","status-publish","format-standard","has-post-thumbnail","hentry","category-historic"],"_links":{"self":[{"href":"http:\/\/fundaciolluiscoromina.org\/index.php\/wp-json\/wp\/v2\/posts\/1469","targetHints":{"allow":["GET"]}}],"collection":[{"href":"http:\/\/fundaciolluiscoromina.org\/index.php\/wp-json\/wp\/v2\/posts"}],"about":[{"href":"http:\/\/fundaciolluiscoromina.org\/index.php\/wp-json\/wp\/v2\/types\/post"}],"author":[{"embeddable":true,"href":"http:\/\/fundaciolluiscoromina.org\/index.php\/wp-json\/wp\/v2\/users\/1"}],"replies":[{"embeddable":true,"href":"http:\/\/fundaciolluiscoromina.org\/index.php\/wp-json\/wp\/v2\/comments?post=1469"}],"version-history":[{"count":0,"href":"http:\/\/fundaciolluiscoromina.org\/index.php\/wp-json\/wp\/v2\/posts\/1469\/revisions"}],"wp:attachment":[{"href":"http:\/\/fundaciolluiscoromina.org\/index.php\/wp-json\/wp\/v2\/media?parent=1469"}],"wp:term":[{"taxonomy":"category","embeddable":true,"href":"http:\/\/fundaciolluiscoromina.org\/index.php\/wp-json\/wp\/v2\/categories?post=1469"},{"taxonomy":"post_tag","embeddable":true,"href":"http:\/\/fundaciolluiscoromina.org\/index.php\/wp-json\/wp\/v2\/tags?post=1469"}],"curies":[{"name":"wp","href":"https:\/\/api.w.org\/{rel}","templated":true}]}}