{"id":1476,"date":"2012-06-22T20:58:24","date_gmt":"2012-06-22T20:58:24","guid":{"rendered":"http:\/\/espaieatart.wordpress.com\/?p=1476"},"modified":"2012-06-22T20:58:24","modified_gmt":"2012-06-22T20:58:24","slug":"recital-de-literatura-ii-festival-amics-de-lluis-vila-a-lespai-eat-art","status":"publish","type":"post","link":"http:\/\/fundaciolluiscoromina.org\/index.php\/2012\/06\/22\/recital-de-literatura-ii-festival-amics-de-lluis-vila-a-lespai-eat-art\/","title":{"rendered":"RECITAL DE LITERATURA II Festival Amics de Llu\u00eds Vil\u00e0 a l&#8217;Espai Eat Art"},"content":{"rendered":"<p style=\"text-align:justify;\">Els AMICS DE LLU\u00cdS VIL\u00c0 van organitzar durant aquest mes de juny (data del naixement i sant del desaparegut artista),\u00a0 el II Festival Amics de Llu\u00eds Vil\u00e0. Del 15 al 21 de juny es van realitzar tota una serie d&#8217;actes, entre els que cal destacar l&#8217;acte de presentaci\u00f3 del <em>carrer LLu\u00eds Vil\u00e0<\/em>, presidit per l&#8217;alcalde de Banyoles, Miquel Noguer i el fill gran de l&#8217;artista, Guillem Vil\u00e0. Una gran varietat de maniquins, transformats, pintats, re-interpretats per artistes i escoles locals,\u00a0 van ser presents a diferents espais de la ciutat com a homenatge. El festival es va clausurar amb un recital de literatura en el pati de l&#8217;Espai Eat Art de la pla\u00e7a Major.<\/p>\n<p style=\"text-align:justify;\"><a href=\"http:\/\/espaieatart.files.wordpress.com\/2012\/06\/recital-collage.jpg\"><img loading=\"lazy\" decoding=\"async\" class=\"alignleft size-full wp-image-1477\" title=\"RECITAL COLLAGE\" src=\"http:\/\/espaieatart.files.wordpress.com\/2012\/06\/recital-collage.jpg\" alt=\"\" width=\"590\" height=\"287\" \/><\/a><\/p>\n","protected":false},"excerpt":{"rendered":"<p>Els AMICS DE LLU\u00cdS VIL\u00c0 van organitzar durant aquest mes de juny (data del naixement i sant del desaparegut artista),\u00a0 &#8230;<\/p>\n","protected":false},"author":1,"featured_media":1477,"comment_status":"open","ping_status":"open","sticky":false,"template":"","format":"standard","meta":{"footnotes":""},"categories":[9],"tags":[],"class_list":["post-1476","post","type-post","status-publish","format-standard","has-post-thumbnail","hentry","category-historic"],"_links":{"self":[{"href":"http:\/\/fundaciolluiscoromina.org\/index.php\/wp-json\/wp\/v2\/posts\/1476","targetHints":{"allow":["GET"]}}],"collection":[{"href":"http:\/\/fundaciolluiscoromina.org\/index.php\/wp-json\/wp\/v2\/posts"}],"about":[{"href":"http:\/\/fundaciolluiscoromina.org\/index.php\/wp-json\/wp\/v2\/types\/post"}],"author":[{"embeddable":true,"href":"http:\/\/fundaciolluiscoromina.org\/index.php\/wp-json\/wp\/v2\/users\/1"}],"replies":[{"embeddable":true,"href":"http:\/\/fundaciolluiscoromina.org\/index.php\/wp-json\/wp\/v2\/comments?post=1476"}],"version-history":[{"count":0,"href":"http:\/\/fundaciolluiscoromina.org\/index.php\/wp-json\/wp\/v2\/posts\/1476\/revisions"}],"wp:attachment":[{"href":"http:\/\/fundaciolluiscoromina.org\/index.php\/wp-json\/wp\/v2\/media?parent=1476"}],"wp:term":[{"taxonomy":"category","embeddable":true,"href":"http:\/\/fundaciolluiscoromina.org\/index.php\/wp-json\/wp\/v2\/categories?post=1476"},{"taxonomy":"post_tag","embeddable":true,"href":"http:\/\/fundaciolluiscoromina.org\/index.php\/wp-json\/wp\/v2\/tags?post=1476"}],"curies":[{"name":"wp","href":"https:\/\/api.w.org\/{rel}","templated":true}]}}