{"id":1479,"date":"2012-06-29T12:37:07","date_gmt":"2012-06-29T12:37:07","guid":{"rendered":"http:\/\/espaieatart.wordpress.com\/?p=1479"},"modified":"2012-06-29T12:37:07","modified_gmt":"2012-06-29T12:37:07","slug":"taula-rodona-jorge-luis-borges-vs-lluis-vila","status":"publish","type":"post","link":"http:\/\/fundaciolluiscoromina.org\/index.php\/2012\/06\/29\/taula-rodona-jorge-luis-borges-vs-lluis-vila\/","title":{"rendered":"Taula rodona \u00abJorge Luis Borges vs. LLu\u00eds Vil\u00e0\u00bb, juny 2012"},"content":{"rendered":"<p><a href=\"http:\/\/espaieatart.files.wordpress.com\/2012\/06\/taula-rodona-joaquin-marco2.jpg\"><img loading=\"lazy\" decoding=\"async\" class=\"alignleft size-full wp-image-1482\" title=\"taula rodona joaquin marco2\" src=\"http:\/\/espaieatart.files.wordpress.com\/2012\/06\/taula-rodona-joaquin-marco2.jpg\" alt=\"\" width=\"590\" height=\"442\" \/><\/a><\/p>\n<div>\n<p style=\"text-align:justify;\">\u00a0El Puntal -Laboratori de les Arts- de Banyoles va organitzar a finals de juny la taula rodona \u00abJorge Luis Borges vs. Llu\u00eds Vil\u00e0\u00bben col\u00b7laboraci\u00f3 amb les jornades \u00abUnivers Borges\u00bb encap\u00e7alades per l\u2019Ajuntament de Girona i la Diputaci\u00f3 de Girona.<\/p>\n<\/div>\n<div style=\"text-align:justify;\"><span style=\"color:#808080;\"><span style=\"font-size:large;\">\u00ab<strong>Jorge Luis Borges vs. Llu\u00eds Vil\u00e0<\/strong>\u00bb\u00a0reflexiona sobre els punts de connexi\u00f3 existents entre l\u2019obra de l\u2019escriptor argent\u00ed, Jorge Luis Borges i l\u2019artista\u00a0<\/span><span style=\"font-size:large;\">de Banyoles, Llu\u00eds Vil\u00e0.\u00a0<\/span>La taula rodona va comptar amb la participaci\u00f3 d\u2019un dels m\u00e0xims especialistes en Borges, el professor Joaqu\u00edn Marco i amb el cr\u00edtic d\u2019art Ricard Planas Camps.\u00a0<\/span><\/div>\n<div style=\"text-align:justify;\"><\/div>\n","protected":false},"excerpt":{"rendered":"<p>\u00a0El Puntal -Laboratori de les Arts- de Banyoles va organitzar a finals de juny la taula rodona \u00abJorge Luis Borges &#8230;<\/p>\n","protected":false},"author":1,"featured_media":1482,"comment_status":"open","ping_status":"open","sticky":false,"template":"","format":"standard","meta":{"footnotes":""},"categories":[9],"tags":[],"class_list":["post-1479","post","type-post","status-publish","format-standard","has-post-thumbnail","hentry","category-historic"],"_links":{"self":[{"href":"http:\/\/fundaciolluiscoromina.org\/index.php\/wp-json\/wp\/v2\/posts\/1479","targetHints":{"allow":["GET"]}}],"collection":[{"href":"http:\/\/fundaciolluiscoromina.org\/index.php\/wp-json\/wp\/v2\/posts"}],"about":[{"href":"http:\/\/fundaciolluiscoromina.org\/index.php\/wp-json\/wp\/v2\/types\/post"}],"author":[{"embeddable":true,"href":"http:\/\/fundaciolluiscoromina.org\/index.php\/wp-json\/wp\/v2\/users\/1"}],"replies":[{"embeddable":true,"href":"http:\/\/fundaciolluiscoromina.org\/index.php\/wp-json\/wp\/v2\/comments?post=1479"}],"version-history":[{"count":0,"href":"http:\/\/fundaciolluiscoromina.org\/index.php\/wp-json\/wp\/v2\/posts\/1479\/revisions"}],"wp:attachment":[{"href":"http:\/\/fundaciolluiscoromina.org\/index.php\/wp-json\/wp\/v2\/media?parent=1479"}],"wp:term":[{"taxonomy":"category","embeddable":true,"href":"http:\/\/fundaciolluiscoromina.org\/index.php\/wp-json\/wp\/v2\/categories?post=1479"},{"taxonomy":"post_tag","embeddable":true,"href":"http:\/\/fundaciolluiscoromina.org\/index.php\/wp-json\/wp\/v2\/tags?post=1479"}],"curies":[{"name":"wp","href":"https:\/\/api.w.org\/{rel}","templated":true}]}}