{"id":1487,"date":"2012-06-30T13:08:24","date_gmt":"2012-06-30T13:08:24","guid":{"rendered":"http:\/\/espaieatart.wordpress.com\/?p=1487"},"modified":"2012-06-30T13:08:24","modified_gmt":"2012-06-30T13:08:24","slug":"finalitza-lexposicio-materia-prima-de-victoria-campillo-a-lespai-eat-art-de-banyoles","status":"publish","type":"post","link":"http:\/\/fundaciolluiscoromina.org\/index.php\/2012\/06\/30\/finalitza-lexposicio-materia-prima-de-victoria-campillo-a-lespai-eat-art-de-banyoles\/","title":{"rendered":"Finalitza l&#8217;exposici\u00f3 \u00abmateria prima\u00bb de VICTORIA CAMPILLO a l&#8217;Espai Eat Art de Banyoles"},"content":{"rendered":"<p><a href=\"http:\/\/espaieatart.files.wordpress.com\/2012\/06\/araki-campillo.jpg\"><img loading=\"lazy\" decoding=\"async\" class=\"alignleft  wp-image-1488\" title=\"araki-campillo\" src=\"http:\/\/espaieatart.files.wordpress.com\/2012\/06\/araki-campillo.jpg\" alt=\"\" width=\"574\" height=\"354\" \/><\/a><\/p>\n<div><\/div>\n<div><\/div>\n<div><\/div>\n<div><\/div>\n<div><\/div>\n<div><\/div>\n<div><\/div>\n<div><\/div>\n<div><\/div>\n<div><\/div>\n<div><\/div>\n<div><\/div>\n<div style=\"text-align:justify;\"><\/div>\n<div style=\"text-align:justify;\">Aquest dissabte dia 30 de juny 2012 finalitza l&#8217;exposici\u00f3 \u00abmateria prima\u00bb de Vict\u00f2ria Campillo. En aquesta mostra s&#8217;hi exhibeixen \u00a0algunes\u00a0de les s\u00e8ries\u00a0m\u00e9s conegudes de Vict\u00f2ria Campillo: \u00abThe Last Supper\u00bb, \u00abSoup\u00bb i \u00abMerdes\u00bb<span style=\"font-size:large;\">.<\/span><\/div>\n<p style=\"text-align:justify;\"><span style=\"font-size:large;\">Les tres s\u00e8ries que integren\u00a0\u201cmateria prima\u201d\u00a0aborden l\u2019aliment com a element div\u00ed i fonamental en rituals\u00a0espirituals.\u00a0Campillo parteix d\u2019una idea senzilla: el fet de la nutrici\u00f3 com a met\u00e0fora de la\u00a0sacietat espiritual per desenvolupar una reflexi\u00f3 sobre\u00a0el consum d\u2019aliments i el seu car\u00e0cter teof\u00e0gic.\u00a0<\/span><\/p>\n<p style=\"text-align:justify;\"><span style=\"font-size:large;\">Victoria Campillo (Barcelona, 1957) artista de s\u00f2lida i coherent traject\u00f2ria, ha fet de la repetici\u00f3 una de les caracter\u00edstiques pr\u00f2pies del seu llenguatge expressiu. Vict\u00f2ria \u00a0fagocita el treball d\u2019artistes com Robert Motherwell, Hans Haacke, Dieter Roth, Richard Long, Jaume Plensa, Paul McCarthy o Piero Manzoni\u00a0per, a trav\u00e9s de la conjunci\u00f3 entre paraula i imatge, elaborar un conjunt de refer\u00e8ncies i connexions de petites idees subordinades a la principal.\u00a0<\/span><\/p>\n","protected":false},"excerpt":{"rendered":"<p>Aquest dissabte dia 30 de juny 2012 finalitza l&#8217;exposici\u00f3 \u00abmateria prima\u00bb de Vict\u00f2ria Campillo. En aquesta mostra s&#8217;hi exhibeixen \u00a0algunes\u00a0de &#8230;<\/p>\n","protected":false},"author":1,"featured_media":1488,"comment_status":"open","ping_status":"open","sticky":false,"template":"","format":"standard","meta":{"footnotes":""},"categories":[9],"tags":[],"class_list":["post-1487","post","type-post","status-publish","format-standard","has-post-thumbnail","hentry","category-historic"],"_links":{"self":[{"href":"http:\/\/fundaciolluiscoromina.org\/index.php\/wp-json\/wp\/v2\/posts\/1487","targetHints":{"allow":["GET"]}}],"collection":[{"href":"http:\/\/fundaciolluiscoromina.org\/index.php\/wp-json\/wp\/v2\/posts"}],"about":[{"href":"http:\/\/fundaciolluiscoromina.org\/index.php\/wp-json\/wp\/v2\/types\/post"}],"author":[{"embeddable":true,"href":"http:\/\/fundaciolluiscoromina.org\/index.php\/wp-json\/wp\/v2\/users\/1"}],"replies":[{"embeddable":true,"href":"http:\/\/fundaciolluiscoromina.org\/index.php\/wp-json\/wp\/v2\/comments?post=1487"}],"version-history":[{"count":0,"href":"http:\/\/fundaciolluiscoromina.org\/index.php\/wp-json\/wp\/v2\/posts\/1487\/revisions"}],"wp:attachment":[{"href":"http:\/\/fundaciolluiscoromina.org\/index.php\/wp-json\/wp\/v2\/media?parent=1487"}],"wp:term":[{"taxonomy":"category","embeddable":true,"href":"http:\/\/fundaciolluiscoromina.org\/index.php\/wp-json\/wp\/v2\/categories?post=1487"},{"taxonomy":"post_tag","embeddable":true,"href":"http:\/\/fundaciolluiscoromina.org\/index.php\/wp-json\/wp\/v2\/tags?post=1487"}],"curies":[{"name":"wp","href":"https:\/\/api.w.org\/{rel}","templated":true}]}}