{"id":1498,"date":"2012-07-07T20:24:47","date_gmt":"2012-07-07T20:24:47","guid":{"rendered":"http:\/\/espaieatart.wordpress.com\/?p=1498"},"modified":"2012-07-07T20:24:47","modified_gmt":"2012-07-07T20:24:47","slug":"kitsch-marc-vicens-estampes-i-mel-a-lespai-eat-art-de-banyoles","status":"publish","type":"post","link":"http:\/\/fundaciolluiscoromina.org\/index.php\/2012\/07\/07\/kitsch-marc-vicens-estampes-i-mel-a-lespai-eat-art-de-banyoles\/","title":{"rendered":"\u00abKitsch. Marc Vicens. Estampes i mel\u00bb a l&#8217;Espai Eat Art de Banyoles"},"content":{"rendered":"<p style=\"text-align:justify;\">L\u2019Espai Eat Art en col.laboraci\u00f3 amb (a)ph\u00f2nica. Festival de la Veu de Banyoles, presenten l\u2019exposici\u00f3 \u00ab<em>Kitsch. Marc Vicens. Estampes i mel<\/em>\u00ab, que exhibeix una s\u00e8rie de 20 estampes on hi circulen caps de monstres, formigues, pallassos, titelles, creus, dinosaures, ocells negres, mosques, boques obertes, crits, \u00e0ngels i foc, dies bojos, dones boges&#8230;<\/p>\n<div>\n<p style=\"text-align:justify;\">Amb m\u00e9s de vint-i-cinc anys damunt dels escenaris, el grup banyol\u00ed Kitsch \u00e9s, sens dubte, una de les formacions de refer\u00e8ncia del Pla de l\u2019Estany. En aquesta exposici\u00f3, la veu de Llu\u00eds Costabella pren una nova dimensi\u00f3 amb les il\u00b7lustracions de Marc Vicens, que ha estampat una s\u00e8rie d\u2019imatges amb la t\u00e8cnica del monotip, partint de temes musicals com <em>Dia boig<\/em>, <em>D\u00e9u i el gos<\/em> o <em>Pres\u00f3 mental<\/em>.<\/p>\n<p style=\"text-align:justify;\"><a href=\"http:\/\/espaieatart.files.wordpress.com\/2012\/07\/1-1-presentaciocc811-72.jpg\"><img loading=\"lazy\" decoding=\"async\" class=\"alignleft size-full wp-image-1499\" title=\"1.1.presentacio\u03011.72\" src=\"http:\/\/espaieatart.files.wordpress.com\/2012\/07\/1-1-presentaciocc811-72.jpg\" alt=\"\" width=\"567\" height=\"380\" \/><\/a><\/p>\n<p style=\"text-align:justify;\">\n<p style=\"text-align:justify;\">\n<p style=\"text-align:justify;\">\n<p style=\"text-align:justify;\">\n<p style=\"text-align:justify;\">\n<p style=\"text-align:justify;\">\n<p style=\"text-align:justify;\">\n<p style=\"text-align:justify;\">\n<p style=\"text-align:justify;\">Presentaci\u00f3 a c\u00e0rrec del director del festival (a)ph\u00f2nica Francesc Viladiu, el periodista Xavier Castill\u00f3n i Marc Vicens. L&#8217; acte va comptar amb l&#8217;actuaci\u00f3 del grup musical Kitsch.<\/p>\n<p style=\"text-align:justify;\"><a href=\"http:\/\/espaieatart.files.wordpress.com\/2012\/07\/2-3-actuaciocc81-kitsch3.jpg\"><img loading=\"lazy\" decoding=\"async\" class=\"alignleft size-full wp-image-1500\" title=\"2.3.actuacio\u0301 kitsch3\" src=\"http:\/\/espaieatart.files.wordpress.com\/2012\/07\/2-3-actuaciocc81-kitsch3.jpg\" alt=\"\" width=\"567\" height=\"380\" \/><\/a><\/p>\n<p style=\"text-align:justify;\">\n<p style=\"text-align:justify;\">\n<p style=\"text-align:justify;\">\n<p style=\"text-align:justify;\">\n<p style=\"text-align:justify;\">\n<p style=\"text-align:justify;\">\n<p style=\"text-align:justify;\">\n<p style=\"text-align:justify;\">\n<p style=\"text-align:justify;\">\n<p style=\"text-align:justify;\">Fotografia: AnnaBah\u00ed<\/p>\n<p style=\"text-align:justify;\">L&#8217;exposici\u00f3 es pot veure del 6 de juliol al 4 d&#8217;agost 2012 (de dimarts a divendres tarda i dissabtes mat\u00ed i tarda).<\/p>\n<\/div>\n","protected":false},"excerpt":{"rendered":"<p>L\u2019Espai Eat Art en col.laboraci\u00f3 amb (a)ph\u00f2nica. Festival de la Veu de Banyoles, presenten l\u2019exposici\u00f3 \u00abKitsch. Marc Vicens. Estampes i &#8230;<\/p>\n","protected":false},"author":1,"featured_media":1499,"comment_status":"open","ping_status":"open","sticky":false,"template":"","format":"standard","meta":{"footnotes":""},"categories":[9],"tags":[],"class_list":["post-1498","post","type-post","status-publish","format-standard","has-post-thumbnail","hentry","category-historic"],"_links":{"self":[{"href":"http:\/\/fundaciolluiscoromina.org\/index.php\/wp-json\/wp\/v2\/posts\/1498","targetHints":{"allow":["GET"]}}],"collection":[{"href":"http:\/\/fundaciolluiscoromina.org\/index.php\/wp-json\/wp\/v2\/posts"}],"about":[{"href":"http:\/\/fundaciolluiscoromina.org\/index.php\/wp-json\/wp\/v2\/types\/post"}],"author":[{"embeddable":true,"href":"http:\/\/fundaciolluiscoromina.org\/index.php\/wp-json\/wp\/v2\/users\/1"}],"replies":[{"embeddable":true,"href":"http:\/\/fundaciolluiscoromina.org\/index.php\/wp-json\/wp\/v2\/comments?post=1498"}],"version-history":[{"count":0,"href":"http:\/\/fundaciolluiscoromina.org\/index.php\/wp-json\/wp\/v2\/posts\/1498\/revisions"}],"wp:attachment":[{"href":"http:\/\/fundaciolluiscoromina.org\/index.php\/wp-json\/wp\/v2\/media?parent=1498"}],"wp:term":[{"taxonomy":"category","embeddable":true,"href":"http:\/\/fundaciolluiscoromina.org\/index.php\/wp-json\/wp\/v2\/categories?post=1498"},{"taxonomy":"post_tag","embeddable":true,"href":"http:\/\/fundaciolluiscoromina.org\/index.php\/wp-json\/wp\/v2\/tags?post=1498"}],"curies":[{"name":"wp","href":"https:\/\/api.w.org\/{rel}","templated":true}]}}