{"id":1507,"date":"2012-07-14T20:47:27","date_gmt":"2012-07-14T20:47:27","guid":{"rendered":"http:\/\/espaieatart.wordpress.com\/?p=1507"},"modified":"2012-07-14T20:47:27","modified_gmt":"2012-07-14T20:47:27","slug":"concerts-privats-al-puntal-laboratori-de-les-arts-dins-el-9e-festival-aphonica-2012","status":"publish","type":"post","link":"http:\/\/fundaciolluiscoromina.org\/index.php\/2012\/07\/14\/concerts-privats-al-puntal-laboratori-de-les-arts-dins-el-9e-festival-aphonica-2012\/","title":{"rendered":"Concerts Privats al Puntal -laboratori de les arts- dins el 9\u00e8 Festival (a)ph\u00f2nica 2012"},"content":{"rendered":"<p><a href=\"http:\/\/espaieatart.files.wordpress.com\/2012\/07\/concerts-privatsxblog.jpg\"><img loading=\"lazy\" decoding=\"async\" class=\"alignleft size-full wp-image-1508\" title=\"Concerts privatsxblog\" src=\"http:\/\/espaieatart.files.wordpress.com\/2012\/07\/concerts-privatsxblog.jpg\" alt=\"\" width=\"590\" height=\"225\" \/><\/a><\/p>\n<p style=\"text-align:justify;\">\n<p style=\"text-align:justify;\">\n<p style=\"text-align:justify;\">\n<p style=\"text-align:justify;\">\n<p style=\"text-align:justify;\">La iniciativa <em>Concerts Privats<\/em> organitza concerts \u00edntims en espais genu\u00efns, que despr\u00e9s es converteixen en documents audiovisuals. Enguany han organitzat per primera vegada <em>Concerts Oberts<\/em>, un concurs en el qual hi participen m\u00e9s de 300 bandes novelles catalanes.<\/p>\n<p style=\"text-align:justify;\">Actuaci\u00f3 dels dos grups guanyadors d&#8217;aquest concurs: per una banda, PETRUS, per la qualitat i solidesa de la proposta amb influ\u00e8ncies de folk americ\u00e0. De l&#8217;altra, VENANCIO Y LOS J\u00d3VENES DE ANTA\u00d1O, per la qualitat i el risc de la proposta, amb influ\u00e8ncies igual de llunyanes i diferents.<\/p>\n<p style=\"text-align:justify;\">L&#8217; espai escollit en aquesta ocasi\u00f3 i dins el marc del 9\u00e8 Festival (a)ph\u00f2nica 2012 ha esta El Puntal -laboratori de les arts- de Banyoles.<\/p>\n","protected":false},"excerpt":{"rendered":"<p>La iniciativa Concerts Privats organitza concerts \u00edntims en espais genu\u00efns, que despr\u00e9s es converteixen en documents audiovisuals. Enguany han organitzat &#8230;<\/p>\n","protected":false},"author":1,"featured_media":1508,"comment_status":"open","ping_status":"open","sticky":false,"template":"","format":"standard","meta":{"footnotes":""},"categories":[9],"tags":[],"class_list":["post-1507","post","type-post","status-publish","format-standard","has-post-thumbnail","hentry","category-historic"],"_links":{"self":[{"href":"http:\/\/fundaciolluiscoromina.org\/index.php\/wp-json\/wp\/v2\/posts\/1507","targetHints":{"allow":["GET"]}}],"collection":[{"href":"http:\/\/fundaciolluiscoromina.org\/index.php\/wp-json\/wp\/v2\/posts"}],"about":[{"href":"http:\/\/fundaciolluiscoromina.org\/index.php\/wp-json\/wp\/v2\/types\/post"}],"author":[{"embeddable":true,"href":"http:\/\/fundaciolluiscoromina.org\/index.php\/wp-json\/wp\/v2\/users\/1"}],"replies":[{"embeddable":true,"href":"http:\/\/fundaciolluiscoromina.org\/index.php\/wp-json\/wp\/v2\/comments?post=1507"}],"version-history":[{"count":0,"href":"http:\/\/fundaciolluiscoromina.org\/index.php\/wp-json\/wp\/v2\/posts\/1507\/revisions"}],"wp:attachment":[{"href":"http:\/\/fundaciolluiscoromina.org\/index.php\/wp-json\/wp\/v2\/media?parent=1507"}],"wp:term":[{"taxonomy":"category","embeddable":true,"href":"http:\/\/fundaciolluiscoromina.org\/index.php\/wp-json\/wp\/v2\/categories?post=1507"},{"taxonomy":"post_tag","embeddable":true,"href":"http:\/\/fundaciolluiscoromina.org\/index.php\/wp-json\/wp\/v2\/tags?post=1507"}],"curies":[{"name":"wp","href":"https:\/\/api.w.org\/{rel}","templated":true}]}}