{"id":1537,"date":"2012-07-20T17:45:04","date_gmt":"2012-07-20T17:45:04","guid":{"rendered":"http:\/\/espaieatart.wordpress.com\/?p=1537"},"modified":"2012-07-20T17:45:04","modified_gmt":"2012-07-20T17:45:04","slug":"exposicio-escultura-i-paisatge-amb-obra-de-lluis-vila-a-les-ruines-dempuries-2012","status":"publish","type":"post","link":"http:\/\/fundaciolluiscoromina.org\/index.php\/2012\/07\/20\/exposicio-escultura-i-paisatge-amb-obra-de-lluis-vila-a-les-ruines-dempuries-2012\/","title":{"rendered":"Exposici\u00f3 \u00abEscultura i Paisatge\u00bb, amb obra de LLu\u00eds Vil\u00e0 a les Ru\u00efnes d&#8217;Emp\u00faries 2012"},"content":{"rendered":"<p style=\"text-align:justify;\">Del 21 de juliol fins el 26 d&#8217;agost 2012 i dins el marc del PORTALBLAU 5\u00e8 Festival de M\u00fasiques i Arts de la Mediterr\u00e0nia, es presentar\u00e0 l&#8217;exposici\u00f3 \u00abEscultura i Paisatge\u00bb on diferents artistes, entre ells Llu\u00eds Vil\u00e0 (1952-2010) exposaran obra escult\u00f2rica en el marc privilegiat de les Ru\u00efnes d&#8217;Emp\u00faries.<\/p>\n<p style=\"text-align:justify;\">www.portalblau.cat<\/p>\n<p style=\"text-align:justify;\"><strong>Inauguraci\u00f3 dissabte 21 juliol 2012 a les 19h en el recinte de les ru\u00efnes d&#8217;Emp\u00faries.<\/strong><\/p>\n<p style=\"text-align:justify;\"><a href=\"http:\/\/espaieatart.files.wordpress.com\/2012\/07\/escultura-paisatges-portalblau-2012.jpg\"><img loading=\"lazy\" decoding=\"async\" class=\"alignleft size-large wp-image-1538\" title=\"Escultura-paisatges-portalblau-2012\" src=\"http:\/\/espaieatart.files.wordpress.com\/2012\/07\/escultura-paisatges-portalblau-2012.jpg?w=579\" alt=\"\" width=\"579\" height=\"1024\" \/><\/a><\/p>\n","protected":false},"excerpt":{"rendered":"<p>Del 21 de juliol fins el 26 d&#8217;agost 2012 i dins el marc del PORTALBLAU 5\u00e8 Festival de M\u00fasiques i &#8230;<\/p>\n","protected":false},"author":1,"featured_media":1538,"comment_status":"open","ping_status":"open","sticky":false,"template":"","format":"standard","meta":{"footnotes":""},"categories":[9],"tags":[],"class_list":["post-1537","post","type-post","status-publish","format-standard","has-post-thumbnail","hentry","category-historic"],"_links":{"self":[{"href":"http:\/\/fundaciolluiscoromina.org\/index.php\/wp-json\/wp\/v2\/posts\/1537","targetHints":{"allow":["GET"]}}],"collection":[{"href":"http:\/\/fundaciolluiscoromina.org\/index.php\/wp-json\/wp\/v2\/posts"}],"about":[{"href":"http:\/\/fundaciolluiscoromina.org\/index.php\/wp-json\/wp\/v2\/types\/post"}],"author":[{"embeddable":true,"href":"http:\/\/fundaciolluiscoromina.org\/index.php\/wp-json\/wp\/v2\/users\/1"}],"replies":[{"embeddable":true,"href":"http:\/\/fundaciolluiscoromina.org\/index.php\/wp-json\/wp\/v2\/comments?post=1537"}],"version-history":[{"count":0,"href":"http:\/\/fundaciolluiscoromina.org\/index.php\/wp-json\/wp\/v2\/posts\/1537\/revisions"}],"wp:attachment":[{"href":"http:\/\/fundaciolluiscoromina.org\/index.php\/wp-json\/wp\/v2\/media?parent=1537"}],"wp:term":[{"taxonomy":"category","embeddable":true,"href":"http:\/\/fundaciolluiscoromina.org\/index.php\/wp-json\/wp\/v2\/categories?post=1537"},{"taxonomy":"post_tag","embeddable":true,"href":"http:\/\/fundaciolluiscoromina.org\/index.php\/wp-json\/wp\/v2\/tags?post=1537"}],"curies":[{"name":"wp","href":"https:\/\/api.w.org\/{rel}","templated":true}]}}