{"id":1568,"date":"2012-09-05T12:26:22","date_gmt":"2012-09-05T12:26:22","guid":{"rendered":"http:\/\/espaieatart.wordpress.com\/?p=1568"},"modified":"2012-09-05T12:26:22","modified_gmt":"2012-09-05T12:26:22","slug":"taller-dart-especial-fundacio-estany-al-puntal-laboratori-de-les-arts-de-banyoles","status":"publish","type":"post","link":"http:\/\/fundaciolluiscoromina.org\/index.php\/2012\/09\/05\/taller-dart-especial-fundacio-estany-al-puntal-laboratori-de-les-arts-de-banyoles\/","title":{"rendered":"Taller d&#8217;Art Especial Fundaci\u00f3 Estany al Puntal -laboratori de les Arts- de Banyoles"},"content":{"rendered":"<p style=\"text-align:justify;\">Presentaci\u00f3 del taller\u00a0<em>Art Especial<\/em> que la Fundaci\u00f3 Estany (entitat banyolina dedicada a l&#8217;atenci\u00f3 de persones amb discapacitats intel.lectuals) tenen ubicat en un espai d&#8217;El Puntal -laboratori de les arts- de Banyoles. El projecte <strong>Art Especial,<\/strong> consisteix en uns tallers on s&#8217;aprenen i es desenvolupen disciplines art\u00edstiques com ara: dibuix, pintura i\/o escultura&#8230;<\/p>\n<p style=\"text-align:justify;\">En l&#8217;acte de presentaci\u00f3 d&#8217;aquesta segona edici\u00f3 d&#8217;<em>Art Especial<\/em>, hi va assistir el delegat de la Patronal Fundaci\u00f3 Estany Sr. Alexandre Juanola, l&#8217;alcalde de Banyoles Miquel Noguer, el propietari d&#8217;El Puntal laboratori de les arts Sr. LLu\u00eds Coromina, la directora del projecte Hellen Baanders (amb col.laboraci\u00f3 i assesorament de l&#8217;artista Johanna Beekers), aix\u00ed com Tina Estanyol coordinadora de la Fundaci\u00f3 Estany. Fotografies Joan Comalat.<\/p>\n<p style=\"text-align:justify;\"><a href=\"http:\/\/espaieatart.files.wordpress.com\/2012\/09\/jcomalat2.jpg\"><img loading=\"lazy\" decoding=\"async\" class=\"alignleft size-full wp-image-1569\" title=\"Jcomalat2 fundaci\u00f3 estany Art Especial\" src=\"http:\/\/espaieatart.files.wordpress.com\/2012\/09\/jcomalat2.jpg\" alt=\"\" width=\"590\" height=\"391\" \/><\/a><\/p>\n","protected":false},"excerpt":{"rendered":"<p>Presentaci\u00f3 del taller\u00a0Art Especial que la Fundaci\u00f3 Estany (entitat banyolina dedicada a l&#8217;atenci\u00f3 de persones amb discapacitats intel.lectuals) tenen ubicat &#8230;<\/p>\n","protected":false},"author":1,"featured_media":1569,"comment_status":"open","ping_status":"open","sticky":false,"template":"","format":"standard","meta":{"footnotes":""},"categories":[9],"tags":[],"class_list":["post-1568","post","type-post","status-publish","format-standard","has-post-thumbnail","hentry","category-historic"],"_links":{"self":[{"href":"http:\/\/fundaciolluiscoromina.org\/index.php\/wp-json\/wp\/v2\/posts\/1568","targetHints":{"allow":["GET"]}}],"collection":[{"href":"http:\/\/fundaciolluiscoromina.org\/index.php\/wp-json\/wp\/v2\/posts"}],"about":[{"href":"http:\/\/fundaciolluiscoromina.org\/index.php\/wp-json\/wp\/v2\/types\/post"}],"author":[{"embeddable":true,"href":"http:\/\/fundaciolluiscoromina.org\/index.php\/wp-json\/wp\/v2\/users\/1"}],"replies":[{"embeddable":true,"href":"http:\/\/fundaciolluiscoromina.org\/index.php\/wp-json\/wp\/v2\/comments?post=1568"}],"version-history":[{"count":0,"href":"http:\/\/fundaciolluiscoromina.org\/index.php\/wp-json\/wp\/v2\/posts\/1568\/revisions"}],"wp:attachment":[{"href":"http:\/\/fundaciolluiscoromina.org\/index.php\/wp-json\/wp\/v2\/media?parent=1568"}],"wp:term":[{"taxonomy":"category","embeddable":true,"href":"http:\/\/fundaciolluiscoromina.org\/index.php\/wp-json\/wp\/v2\/categories?post=1568"},{"taxonomy":"post_tag","embeddable":true,"href":"http:\/\/fundaciolluiscoromina.org\/index.php\/wp-json\/wp\/v2\/tags?post=1568"}],"curies":[{"name":"wp","href":"https:\/\/api.w.org\/{rel}","templated":true}]}}