{"id":1576,"date":"2012-09-08T11:14:56","date_gmt":"2012-09-08T11:14:56","guid":{"rendered":"http:\/\/espaieatart.wordpress.com\/?p=1576"},"modified":"2012-09-08T11:14:56","modified_gmt":"2012-09-08T11:14:56","slug":"fotografia-de-juan-carlos-garcia-a-lespai-eat-art-i-a-ca-la-flora-banyoles","status":"publish","type":"post","link":"http:\/\/fundaciolluiscoromina.org\/index.php\/2012\/09\/08\/fotografia-de-juan-carlos-garcia-a-lespai-eat-art-i-a-ca-la-flora-banyoles\/","title":{"rendered":"Fotografia de Juan Carlos Garc\u00eda a l&#8217;Espai Eat Art i a Ca la Flora, Banyoles."},"content":{"rendered":"<p><a href=\"http:\/\/espaieatart.files.wordpress.com\/2012\/09\/presentaciocc81-amb-flash.jpg\"><img loading=\"lazy\" decoding=\"async\" class=\"alignleft size-large wp-image-1577\" title=\"presentacio\u0301 amb flash\" src=\"http:\/\/espaieatart.files.wordpress.com\/2012\/09\/presentaciocc81-amb-flash.jpg?w=1024\" alt=\"\" width=\"1024\" height=\"685\" \/><\/a><\/p>\n<p style=\"text-align:justify;\">Sota el t\u00edtol \u00abDe rerum natura\u00bb l&#8217;Espai Eat Art de Banyoles presenta fotografies de Juan Carlos Garc\u00eda on recullen l&#8217;inquietud de l&#8217;artista pel fet de l&#8217;alimentaci\u00f3 i la relaci\u00f3 de la cuina i la llar. La presentaci\u00f3 va anar a c\u00e0rrec del sr. Llu\u00eds Coromina, impulsor de l&#8217;espai, el periodista Dani Chicano i el mateix Juan Carlos Garc\u00eda. Acabat l&#8217;acte de presentaci\u00f3 el baller\u00ed i core\u00f2graf Bebeto Cidra (premiat en diversos festivals coreogr\u00e0fics internacionals) va deleitar-nos amb la seva dansa.<\/p>\n<p>Tot seguit a l\u2019espai del pati de Ca la Flora es prosseguia amb una exposici\u00f3 complement\u00e0ria del mateix artista i amb un petit concert de piano a c\u00e0rrec de Xavier Pau.<\/p>\n","protected":false},"excerpt":{"rendered":"<p>Sota el t\u00edtol \u00abDe rerum natura\u00bb l&#8217;Espai Eat Art de Banyoles presenta fotografies de Juan Carlos Garc\u00eda on recullen l&#8217;inquietud &#8230;<\/p>\n","protected":false},"author":1,"featured_media":1577,"comment_status":"open","ping_status":"open","sticky":false,"template":"","format":"standard","meta":{"footnotes":""},"categories":[9],"tags":[],"class_list":["post-1576","post","type-post","status-publish","format-standard","has-post-thumbnail","hentry","category-historic"],"_links":{"self":[{"href":"http:\/\/fundaciolluiscoromina.org\/index.php\/wp-json\/wp\/v2\/posts\/1576","targetHints":{"allow":["GET"]}}],"collection":[{"href":"http:\/\/fundaciolluiscoromina.org\/index.php\/wp-json\/wp\/v2\/posts"}],"about":[{"href":"http:\/\/fundaciolluiscoromina.org\/index.php\/wp-json\/wp\/v2\/types\/post"}],"author":[{"embeddable":true,"href":"http:\/\/fundaciolluiscoromina.org\/index.php\/wp-json\/wp\/v2\/users\/1"}],"replies":[{"embeddable":true,"href":"http:\/\/fundaciolluiscoromina.org\/index.php\/wp-json\/wp\/v2\/comments?post=1576"}],"version-history":[{"count":0,"href":"http:\/\/fundaciolluiscoromina.org\/index.php\/wp-json\/wp\/v2\/posts\/1576\/revisions"}],"wp:attachment":[{"href":"http:\/\/fundaciolluiscoromina.org\/index.php\/wp-json\/wp\/v2\/media?parent=1576"}],"wp:term":[{"taxonomy":"category","embeddable":true,"href":"http:\/\/fundaciolluiscoromina.org\/index.php\/wp-json\/wp\/v2\/categories?post=1576"},{"taxonomy":"post_tag","embeddable":true,"href":"http:\/\/fundaciolluiscoromina.org\/index.php\/wp-json\/wp\/v2\/tags?post=1576"}],"curies":[{"name":"wp","href":"https:\/\/api.w.org\/{rel}","templated":true}]}}