{"id":1581,"date":"2012-09-09T12:27:29","date_gmt":"2012-09-09T12:27:29","guid":{"rendered":"http:\/\/espaieatart.wordpress.com\/?p=1581"},"modified":"2012-09-09T12:27:29","modified_gmt":"2012-09-09T12:27:29","slug":"el-balleri-i-coreograf-bebeto-cidra-a-lespai-eat-art-de-banyoles","status":"publish","type":"post","link":"http:\/\/fundaciolluiscoromina.org\/index.php\/2012\/09\/09\/el-balleri-i-coreograf-bebeto-cidra-a-lespai-eat-art-de-banyoles\/","title":{"rendered":"El baller\u00ed i core\u00f2graf Bebeto Cidra a l&#8217;Espai Eat Art de Banyoles"},"content":{"rendered":"<p style=\"text-align:justify;\"><a href=\"http:\/\/espaieatart.files.wordpress.com\/2012\/09\/triptic-coreografia-dansa.jpg\"><img loading=\"lazy\" decoding=\"async\" class=\"alignleft size-large wp-image-1583\" title=\"triptic coreografia-dansa\" src=\"http:\/\/espaieatart.files.wordpress.com\/2012\/09\/triptic-coreografia-dansa.jpg?w=1024\" alt=\"\" width=\"1024\" height=\"322\" \/><\/a><\/p>\n<p style=\"text-align:justify;\">En motiu de la inauguraci\u00f3 \u00abDe rerum natura\u00bb de Juan Carlos Garc\u00eda a l&#8217;Espai Eat Art Llu\u00eds Vil\u00e0 de Banyoles, el ballar\u00ed i core\u00f2graf Bebeto Cidra ens va obsequiar amb una actuaci\u00f3 de dansa, tancant aix\u00ed, l&#8217;acte de presentaci\u00f3 de l&#8217;exposici\u00f3.<\/p>\n<p style=\"text-align:justify;\">Bebeto Cidra va fundar la <em>Bebeto Cidra C\u00eda<\/em> a Barcelona formant part del Pla de Resid\u00e8ncia de creadors del Departament de Cultura de la Generalitat de Catalunya, amb seu a Vic. Premiat per diferents coreografies e interpretacions en \u00e0mbit internacional, tamb\u00e9 imparteix classes en diferents companyies, escoles i centres de Catalunya. Actualment continua creant e interpretant les seves pr\u00f3pies produccions.<\/p>\n","protected":false},"excerpt":{"rendered":"<p>En motiu de la inauguraci\u00f3 \u00abDe rerum natura\u00bb de Juan Carlos Garc\u00eda a l&#8217;Espai Eat Art Llu\u00eds Vil\u00e0 de Banyoles, &#8230;<\/p>\n","protected":false},"author":1,"featured_media":1583,"comment_status":"open","ping_status":"open","sticky":false,"template":"","format":"standard","meta":{"footnotes":""},"categories":[9],"tags":[],"class_list":["post-1581","post","type-post","status-publish","format-standard","has-post-thumbnail","hentry","category-historic"],"_links":{"self":[{"href":"http:\/\/fundaciolluiscoromina.org\/index.php\/wp-json\/wp\/v2\/posts\/1581","targetHints":{"allow":["GET"]}}],"collection":[{"href":"http:\/\/fundaciolluiscoromina.org\/index.php\/wp-json\/wp\/v2\/posts"}],"about":[{"href":"http:\/\/fundaciolluiscoromina.org\/index.php\/wp-json\/wp\/v2\/types\/post"}],"author":[{"embeddable":true,"href":"http:\/\/fundaciolluiscoromina.org\/index.php\/wp-json\/wp\/v2\/users\/1"}],"replies":[{"embeddable":true,"href":"http:\/\/fundaciolluiscoromina.org\/index.php\/wp-json\/wp\/v2\/comments?post=1581"}],"version-history":[{"count":0,"href":"http:\/\/fundaciolluiscoromina.org\/index.php\/wp-json\/wp\/v2\/posts\/1581\/revisions"}],"wp:attachment":[{"href":"http:\/\/fundaciolluiscoromina.org\/index.php\/wp-json\/wp\/v2\/media?parent=1581"}],"wp:term":[{"taxonomy":"category","embeddable":true,"href":"http:\/\/fundaciolluiscoromina.org\/index.php\/wp-json\/wp\/v2\/categories?post=1581"},{"taxonomy":"post_tag","embeddable":true,"href":"http:\/\/fundaciolluiscoromina.org\/index.php\/wp-json\/wp\/v2\/tags?post=1581"}],"curies":[{"name":"wp","href":"https:\/\/api.w.org\/{rel}","templated":true}]}}