{"id":1588,"date":"2012-09-10T17:56:59","date_gmt":"2012-09-10T17:56:59","guid":{"rendered":"http:\/\/espaieatart.wordpress.com\/?p=1588"},"modified":"2012-09-10T17:56:59","modified_gmt":"2012-09-10T17:56:59","slug":"carles-fontsere-exposicio-dins-el-5e-aniversari-de-la-seva-mort-el-puntal-banyoles-2012","status":"publish","type":"post","link":"http:\/\/fundaciolluiscoromina.org\/index.php\/2012\/09\/10\/carles-fontsere-exposicio-dins-el-5e-aniversari-de-la-seva-mort-el-puntal-banyoles-2012\/","title":{"rendered":"Carles Fontser\u00e8, exposici\u00f3 dins el 5\u00e8 aniversari de la seva mort. El Puntal, Banyoles 2012"},"content":{"rendered":"<p><a href=\"http:\/\/espaieatart.files.wordpress.com\/2012\/09\/invitaciocc81-digital-c-fontserecc80.jpg\"><img loading=\"lazy\" decoding=\"async\" class=\"alignleft size-large wp-image-1589\" title=\"Invitacio\u0301 Digital C.FONTSERE\u0300\" src=\"http:\/\/espaieatart.files.wordpress.com\/2012\/09\/invitaciocc81-digital-c-fontserecc80.jpg?w=1024\" alt=\"\" width=\"1024\" height=\"724\" \/><\/a><\/p>\n","protected":false},"excerpt":{"rendered":"","protected":false},"author":1,"featured_media":1589,"comment_status":"open","ping_status":"open","sticky":false,"template":"","format":"standard","meta":{"footnotes":""},"categories":[9],"tags":[],"class_list":["post-1588","post","type-post","status-publish","format-standard","has-post-thumbnail","hentry","category-historic"],"_links":{"self":[{"href":"http:\/\/fundaciolluiscoromina.org\/index.php\/wp-json\/wp\/v2\/posts\/1588","targetHints":{"allow":["GET"]}}],"collection":[{"href":"http:\/\/fundaciolluiscoromina.org\/index.php\/wp-json\/wp\/v2\/posts"}],"about":[{"href":"http:\/\/fundaciolluiscoromina.org\/index.php\/wp-json\/wp\/v2\/types\/post"}],"author":[{"embeddable":true,"href":"http:\/\/fundaciolluiscoromina.org\/index.php\/wp-json\/wp\/v2\/users\/1"}],"replies":[{"embeddable":true,"href":"http:\/\/fundaciolluiscoromina.org\/index.php\/wp-json\/wp\/v2\/comments?post=1588"}],"version-history":[{"count":0,"href":"http:\/\/fundaciolluiscoromina.org\/index.php\/wp-json\/wp\/v2\/posts\/1588\/revisions"}],"wp:attachment":[{"href":"http:\/\/fundaciolluiscoromina.org\/index.php\/wp-json\/wp\/v2\/media?parent=1588"}],"wp:term":[{"taxonomy":"category","embeddable":true,"href":"http:\/\/fundaciolluiscoromina.org\/index.php\/wp-json\/wp\/v2\/categories?post=1588"},{"taxonomy":"post_tag","embeddable":true,"href":"http:\/\/fundaciolluiscoromina.org\/index.php\/wp-json\/wp\/v2\/tags?post=1588"}],"curies":[{"name":"wp","href":"https:\/\/api.w.org\/{rel}","templated":true}]}}