{"id":1598,"date":"2012-09-15T10:10:10","date_gmt":"2012-09-15T10:10:10","guid":{"rendered":"http:\/\/espaieatart.wordpress.com\/?p=1598"},"modified":"2012-09-15T10:10:10","modified_gmt":"2012-09-15T10:10:10","slug":"exposicio-de-carles-fontsere-photocitizen-al-puntal-banyoles","status":"publish","type":"post","link":"http:\/\/fundaciolluiscoromina.org\/index.php\/2012\/09\/15\/exposicio-de-carles-fontsere-photocitizen-al-puntal-banyoles\/","title":{"rendered":"Exposici\u00f3 de Carles Fontser\u00e8: photocitizen al PUNTAL, Banyoles"},"content":{"rendered":"<p style=\"text-align:justify;\"><a href=\"http:\/\/espaieatart.files.wordpress.com\/2012\/09\/6-fontserecc80-foto-anna-bahicc81.jpg\"><img loading=\"lazy\" decoding=\"async\" class=\"alignleft size-full wp-image-1599\" title=\"6.fontsere\u0300 foto Anna Bahi\u0301\" src=\"http:\/\/espaieatart.files.wordpress.com\/2012\/09\/6-fontserecc80-foto-anna-bahicc81.jpg\" alt=\"\" width=\"567\" height=\"380\" \/><\/a><\/p>\n<p style=\"text-align:justify;\"><strong><em>Carles Fontser\u00e8: photocitizen<\/em><\/strong> conmemora el cinqu\u00e8 aniversari de la mort del pintor, escen\u00f2graf, editor, fot\u00f2graf i escriptor catal\u00e0 Carles Fontser\u00e8 (Barcelona 1916-Porqueres, Girona 2007). La mostra s&#8217;insereix en el seguit d&#8217;actes que durant el 2012 recorden la figura d&#8217;aquest autor catal\u00e0 de caire libertari que l&#8217;any 1939 es va exiliar a Fran\u00e7a i posteriorment a M\u00e8xic i Nova York. De fet ser\u00e0 a Nova York on va iniciar una brillant carrera com a fot\u00f2graf, a la qual es va lliurar de comprom\u00eds i la va practicar sempre com a document social.<\/p>\n<p style=\"text-align:justify;\">A la foto, moment de l&#8217;acte de presentaci\u00f3 a c\u00e0rreg de LLu\u00eds Coromina, president de la Fundaci\u00f3 Privada Llu\u00eds Coromina Isern, Terry Broch, v\u00eddua de Carles Fontser\u00e8, Jordi Cabr\u00e9, director de Promoci\u00f3 i Cooperaci\u00f3 Cultural de la Generalitat de Catalunya, Salvador Ros, alcalde de Porqueres, Ricard Planas director de bonart cultural i Miquel Noguer, alcalde de Banyoles i Vicepresident de la Diputaci\u00f3 de Girona.<\/p>\n<p style=\"text-align:justify;\">\n","protected":false},"excerpt":{"rendered":"<p>Carles Fontser\u00e8: photocitizen conmemora el cinqu\u00e8 aniversari de la mort del pintor, escen\u00f2graf, editor, fot\u00f2graf i escriptor catal\u00e0 Carles Fontser\u00e8 &#8230;<\/p>\n","protected":false},"author":1,"featured_media":1599,"comment_status":"open","ping_status":"open","sticky":false,"template":"","format":"standard","meta":{"footnotes":""},"categories":[9],"tags":[],"class_list":["post-1598","post","type-post","status-publish","format-standard","has-post-thumbnail","hentry","category-historic"],"_links":{"self":[{"href":"http:\/\/fundaciolluiscoromina.org\/index.php\/wp-json\/wp\/v2\/posts\/1598","targetHints":{"allow":["GET"]}}],"collection":[{"href":"http:\/\/fundaciolluiscoromina.org\/index.php\/wp-json\/wp\/v2\/posts"}],"about":[{"href":"http:\/\/fundaciolluiscoromina.org\/index.php\/wp-json\/wp\/v2\/types\/post"}],"author":[{"embeddable":true,"href":"http:\/\/fundaciolluiscoromina.org\/index.php\/wp-json\/wp\/v2\/users\/1"}],"replies":[{"embeddable":true,"href":"http:\/\/fundaciolluiscoromina.org\/index.php\/wp-json\/wp\/v2\/comments?post=1598"}],"version-history":[{"count":0,"href":"http:\/\/fundaciolluiscoromina.org\/index.php\/wp-json\/wp\/v2\/posts\/1598\/revisions"}],"wp:attachment":[{"href":"http:\/\/fundaciolluiscoromina.org\/index.php\/wp-json\/wp\/v2\/media?parent=1598"}],"wp:term":[{"taxonomy":"category","embeddable":true,"href":"http:\/\/fundaciolluiscoromina.org\/index.php\/wp-json\/wp\/v2\/categories?post=1598"},{"taxonomy":"post_tag","embeddable":true,"href":"http:\/\/fundaciolluiscoromina.org\/index.php\/wp-json\/wp\/v2\/tags?post=1598"}],"curies":[{"name":"wp","href":"https:\/\/api.w.org\/{rel}","templated":true}]}}