{"id":1611,"date":"2012-09-20T09:00:57","date_gmt":"2012-09-20T09:00:57","guid":{"rendered":"http:\/\/espaieatart.wordpress.com\/?p=1611"},"modified":"2012-09-20T09:00:57","modified_gmt":"2012-09-20T09:00:57","slug":"escultura-de-jordi-tolosa-sexposa-temporalment-en-el-puntal-banyoles","status":"publish","type":"post","link":"http:\/\/fundaciolluiscoromina.org\/index.php\/2012\/09\/20\/escultura-de-jordi-tolosa-sexposa-temporalment-en-el-puntal-banyoles\/","title":{"rendered":"Escultura de Jordi Tolosa s&#8217;exposa temporalment en El Puntal, Banyoles"},"content":{"rendered":"<p style=\"text-align:justify;\"><a href=\"http:\/\/espaieatart.files.wordpress.com\/2012\/09\/tolosa-titol-escultura-webblog.jpg\"><img loading=\"lazy\" decoding=\"async\" class=\"alignleft size-large wp-image-1612\" title=\"tolosa titol escultura webblog\" src=\"http:\/\/espaieatart.files.wordpress.com\/2012\/09\/tolosa-titol-escultura-webblog.jpg?w=1024\" alt=\"\" width=\"1024\" height=\"685\" \/><\/a><\/p>\n<p style=\"text-align:justify;\">La Generalitat de Catalunya va cedir a l&#8217;Ajuntament de Banyoles l&#8217;\u00fas d&#8217;exposici\u00f3 de l&#8217;obra de Jordi Tolosa \u00abDel plom al d\u00edgit\u00bb. Tolosa va produir aquesta obra en motiu de l&#8217;exposici\u00f3 de l&#8217;any 2010 amb el nom \u00abDel plom al d\u00edgit. 30 anys de publicacions del Departament de Cultura de la Generalitat. Homenatge a Joan Llobet\u00bb.<\/p>\n<p style=\"text-align:justify;\">\u00c9s una obra de concepte feta amb lletres de ferro, nom\u00e9s consonants, a dins de contenidors, tamb\u00e9 de ferro. L&#8217;acompanya un v\u00eddeo on s&#8217;hi pot veure la boca del mateix Jordi Tolosa pronunciant les 5 vocals. \u00abDel plom al d\u00edgit\u00bb estar\u00e0 temporalment exposada a l&#8217;espai Fundaci\u00f3 Privada Llu\u00eds Coromina Isern, edifici El Puntal (carrer Girona 161 de Banyoles). Fotografia: Anna Bah\u00ed<\/p>\n","protected":false},"excerpt":{"rendered":"<p>La Generalitat de Catalunya va cedir a l&#8217;Ajuntament de Banyoles l&#8217;\u00fas d&#8217;exposici\u00f3 de l&#8217;obra de Jordi Tolosa \u00abDel plom al &#8230;<\/p>\n","protected":false},"author":1,"featured_media":1612,"comment_status":"open","ping_status":"open","sticky":false,"template":"","format":"standard","meta":{"footnotes":""},"categories":[9],"tags":[],"class_list":["post-1611","post","type-post","status-publish","format-standard","has-post-thumbnail","hentry","category-historic"],"_links":{"self":[{"href":"http:\/\/fundaciolluiscoromina.org\/index.php\/wp-json\/wp\/v2\/posts\/1611","targetHints":{"allow":["GET"]}}],"collection":[{"href":"http:\/\/fundaciolluiscoromina.org\/index.php\/wp-json\/wp\/v2\/posts"}],"about":[{"href":"http:\/\/fundaciolluiscoromina.org\/index.php\/wp-json\/wp\/v2\/types\/post"}],"author":[{"embeddable":true,"href":"http:\/\/fundaciolluiscoromina.org\/index.php\/wp-json\/wp\/v2\/users\/1"}],"replies":[{"embeddable":true,"href":"http:\/\/fundaciolluiscoromina.org\/index.php\/wp-json\/wp\/v2\/comments?post=1611"}],"version-history":[{"count":0,"href":"http:\/\/fundaciolluiscoromina.org\/index.php\/wp-json\/wp\/v2\/posts\/1611\/revisions"}],"wp:attachment":[{"href":"http:\/\/fundaciolluiscoromina.org\/index.php\/wp-json\/wp\/v2\/media?parent=1611"}],"wp:term":[{"taxonomy":"category","embeddable":true,"href":"http:\/\/fundaciolluiscoromina.org\/index.php\/wp-json\/wp\/v2\/categories?post=1611"},{"taxonomy":"post_tag","embeddable":true,"href":"http:\/\/fundaciolluiscoromina.org\/index.php\/wp-json\/wp\/v2\/tags?post=1611"}],"curies":[{"name":"wp","href":"https:\/\/api.w.org\/{rel}","templated":true}]}}