{"id":1631,"date":"2012-10-23T08:42:19","date_gmt":"2012-10-23T06:42:19","guid":{"rendered":"http:\/\/espaieatart.wordpress.com\/?p=1631"},"modified":"2012-10-23T08:42:19","modified_gmt":"2012-10-23T06:42:19","slug":"presentacio-llibre-de-carme-martinez-a-lespai-eat-art-lluis-vila-de-banyoles","status":"publish","type":"post","link":"http:\/\/fundaciolluiscoromina.org\/index.php\/2012\/10\/23\/presentacio-llibre-de-carme-martinez-a-lespai-eat-art-lluis-vila-de-banyoles\/","title":{"rendered":"Presentaci\u00f3 llibre de Carme Mart\u00ednez a l&#8217;Espai Eat Art Llu\u00eds Vil\u00e0 de Banyoles"},"content":{"rendered":"<p style=\"text-align:justify;\"><a href=\"http:\/\/espaieatart.files.wordpress.com\/2012\/10\/te-escribo-desde-las-estrellas-banyoles-web.jpg\"><img loading=\"lazy\" decoding=\"async\" class=\"alignleft size-large wp-image-1632\" title=\"Te escribo desde las estrellas (Banyoles) web\" alt=\"\" src=\"http:\/\/espaieatart.files.wordpress.com\/2012\/10\/te-escribo-desde-las-estrellas-banyoles-web.jpg?w=1024\" height=\"487\" width=\"1024\" \/><\/a><\/p>\n<p style=\"text-align:justify;\">Dissabte 27 d&#8217;octubre a les 19h a l&#8217;Espai Eat Art LLu\u00eds Vil\u00e0 de la pla\u00e7a Major de Banyoles, es far\u00e0 la presentaci\u00f3 del llibre \u00abTe escribo desde las estrellas\u00bb de Carme Mart\u00ednez Primo (Lleida).<\/p>\n<p style=\"text-align:justify;\">L&#8217;anterior llibre \u00abEl laberinto de las luci\u00e9rnagas\u00bb ens recordava que no estem sols ni ho estem mai de sols. En aquest segon llibre ens aporta la proba que en realitat \u00e9s aix\u00ed amb una selecci\u00f3 de cartes, missatges d&#8217;\u00e9ssers espirituals que van compartir amb nosaltres una etapa humana.<\/p>\n<p style=\"text-align:justify;\">L&#8217;acte de presentaci\u00f3 anir\u00e0 a c\u00e0rrec del pintor Gonzalo Tabuenca, autor de la portada del llibre i que en aquests moments exposa a la sala \u00abBlanc. Aliments per l&#8217;\u00c0nima\u00bb fins el 16 de novembre 2012.<\/p>\n<p><a href=\"http:\/\/espaieatart.files.wordpress.com\/2012\/10\/carme-martinez-entrevista.jpg\"><img loading=\"lazy\" decoding=\"async\" class=\"alignleft size-large wp-image-1633\" title=\"carme martinez entrevista\" alt=\"\" src=\"http:\/\/espaieatart.files.wordpress.com\/2012\/10\/carme-martinez-entrevista.jpg?w=1024\" height=\"656\" width=\"1024\" \/><\/a><\/p>\n","protected":false},"excerpt":{"rendered":"<p>Dissabte 27 d&#8217;octubre a les 19h a l&#8217;Espai Eat Art LLu\u00eds Vil\u00e0 de la pla\u00e7a Major de Banyoles, es far\u00e0 &#8230;<\/p>\n","protected":false},"author":1,"featured_media":1632,"comment_status":"open","ping_status":"open","sticky":false,"template":"","format":"standard","meta":{"footnotes":""},"categories":[9,12],"tags":[],"class_list":["post-1631","post","type-post","status-publish","format-standard","has-post-thumbnail","hentry","category-historic","category-publicacions"],"_links":{"self":[{"href":"http:\/\/fundaciolluiscoromina.org\/index.php\/wp-json\/wp\/v2\/posts\/1631","targetHints":{"allow":["GET"]}}],"collection":[{"href":"http:\/\/fundaciolluiscoromina.org\/index.php\/wp-json\/wp\/v2\/posts"}],"about":[{"href":"http:\/\/fundaciolluiscoromina.org\/index.php\/wp-json\/wp\/v2\/types\/post"}],"author":[{"embeddable":true,"href":"http:\/\/fundaciolluiscoromina.org\/index.php\/wp-json\/wp\/v2\/users\/1"}],"replies":[{"embeddable":true,"href":"http:\/\/fundaciolluiscoromina.org\/index.php\/wp-json\/wp\/v2\/comments?post=1631"}],"version-history":[{"count":0,"href":"http:\/\/fundaciolluiscoromina.org\/index.php\/wp-json\/wp\/v2\/posts\/1631\/revisions"}],"wp:attachment":[{"href":"http:\/\/fundaciolluiscoromina.org\/index.php\/wp-json\/wp\/v2\/media?parent=1631"}],"wp:term":[{"taxonomy":"category","embeddable":true,"href":"http:\/\/fundaciolluiscoromina.org\/index.php\/wp-json\/wp\/v2\/categories?post=1631"},{"taxonomy":"post_tag","embeddable":true,"href":"http:\/\/fundaciolluiscoromina.org\/index.php\/wp-json\/wp\/v2\/tags?post=1631"}],"curies":[{"name":"wp","href":"https:\/\/api.w.org\/{rel}","templated":true}]}}