{"id":1656,"date":"2012-12-22T19:27:42","date_gmt":"2012-12-22T19:27:42","guid":{"rendered":"http:\/\/espaieatart.wordpress.com\/?p=1656"},"modified":"2012-12-22T19:27:42","modified_gmt":"2012-12-22T19:27:42","slug":"pep-camps-screen-in-progress-el-retorn-de-la-memoria-1996-2012-al-puntal","status":"publish","type":"post","link":"http:\/\/fundaciolluiscoromina.org\/index.php\/2012\/12\/22\/pep-camps-screen-in-progress-el-retorn-de-la-memoria-1996-2012-al-puntal\/","title":{"rendered":"PEP CAMPS Screen in Progress, el retorn de la mem\u00f2ria 1996-2012 al Puntal"},"content":{"rendered":"<p style=\"text-align:justify;\">El passat divendres 14 de desembre 2012 es va inaugurar l&#8217;exposici\u00f3 \u00abScreen in progress, el retorn de la mem\u00f2ria (1996-2012)\u00bb de l&#8217;artista Pep Camps, a la Fundaci\u00f3 Llu\u00eds Coromina, Edifici El Puntal de Banyoles. La presentaci\u00f3 va anar a c\u00e0rrec del sr. LLu\u00eds Coromina, Ricard Planas i Pep Camps.<\/p>\n<p style=\"text-align:justify;\">\u00abPel que fa a la pres\u00e8ncia est\u00e8tica, aquest seguit de fotogrames de la realitat art\u00edstica de Camps tenen el verd i ara en el blau els colors fonamentals. A trav\u00e9s dels colors verds i blaus s&#8217;articulen les seves composicions, com si fossin desdibuixades, que recullen les textures visuals d&#8217;ordinadors antics, d&#8217;imatges mogudes o que piquen l&#8217;ullet a autors cl\u00e0ssics contemporanis com ara Gerhard Richter o Richard Hamilton, entre d&#8217;altres.\u00bb <em>Ricard Planas curador de l&#8217;exposici\u00f3.<\/em><\/p>\n<p style=\"text-align:justify;\"><a href=\"http:\/\/espaieatart.wordpress.com\/2012\/12\/22\/pep-camps-screen-in-progress-el-retorn-de-la-memoria-1996-2012-al-puntal\/inauguracio-pep-camps\/\" rel=\"attachment wp-att-1657\"><img loading=\"lazy\" decoding=\"async\" class=\"alignleft size-large wp-image-1657\" alt=\"inauguracio\u0301 pep camps\" src=\"http:\/\/espaieatart.files.wordpress.com\/2012\/12\/inauguraciocc81-pep-camps.jpg?w=1024\" width=\"1024\" height=\"371\" \/><\/a><\/p>\n<p style=\"text-align:justify;\">\n<p style=\"text-align:justify;\">\n<p style=\"text-align:justify;\">Visites: horaris a convenir als tel\u00e8fons 972.58 34 77 &#8211; 972 57 52 29 (tardes)<\/p>\n","protected":false},"excerpt":{"rendered":"<p>El passat divendres 14 de desembre 2012 es va inaugurar l&#8217;exposici\u00f3 \u00abScreen in progress, el retorn de la mem\u00f2ria (1996-2012)\u00bb &#8230;<\/p>\n","protected":false},"author":1,"featured_media":1657,"comment_status":"open","ping_status":"open","sticky":false,"template":"","format":"standard","meta":{"footnotes":""},"categories":[9],"tags":[],"class_list":["post-1656","post","type-post","status-publish","format-standard","has-post-thumbnail","hentry","category-historic"],"_links":{"self":[{"href":"http:\/\/fundaciolluiscoromina.org\/index.php\/wp-json\/wp\/v2\/posts\/1656","targetHints":{"allow":["GET"]}}],"collection":[{"href":"http:\/\/fundaciolluiscoromina.org\/index.php\/wp-json\/wp\/v2\/posts"}],"about":[{"href":"http:\/\/fundaciolluiscoromina.org\/index.php\/wp-json\/wp\/v2\/types\/post"}],"author":[{"embeddable":true,"href":"http:\/\/fundaciolluiscoromina.org\/index.php\/wp-json\/wp\/v2\/users\/1"}],"replies":[{"embeddable":true,"href":"http:\/\/fundaciolluiscoromina.org\/index.php\/wp-json\/wp\/v2\/comments?post=1656"}],"version-history":[{"count":0,"href":"http:\/\/fundaciolluiscoromina.org\/index.php\/wp-json\/wp\/v2\/posts\/1656\/revisions"}],"wp:attachment":[{"href":"http:\/\/fundaciolluiscoromina.org\/index.php\/wp-json\/wp\/v2\/media?parent=1656"}],"wp:term":[{"taxonomy":"category","embeddable":true,"href":"http:\/\/fundaciolluiscoromina.org\/index.php\/wp-json\/wp\/v2\/categories?post=1656"},{"taxonomy":"post_tag","embeddable":true,"href":"http:\/\/fundaciolluiscoromina.org\/index.php\/wp-json\/wp\/v2\/tags?post=1656"}],"curies":[{"name":"wp","href":"https:\/\/api.w.org\/{rel}","templated":true}]}}