{"id":1660,"date":"2012-12-22T19:38:27","date_gmt":"2012-12-22T19:38:27","guid":{"rendered":"http:\/\/espaieatart.wordpress.com\/?p=1660"},"modified":"2012-12-22T19:38:27","modified_gmt":"2012-12-22T19:38:27","slug":"joan-comalat-lluis-vila-a-lespai-eat-art-de-banyoles","status":"publish","type":"post","link":"http:\/\/fundaciolluiscoromina.org\/index.php\/2012\/12\/22\/joan-comalat-lluis-vila-a-lespai-eat-art-de-banyoles\/","title":{"rendered":"Joan Comalat &#038; LLu\u00eds Vil\u00e0 a l&#8217;Espai Eat Art de Banyoles"},"content":{"rendered":"<p style=\"text-align:justify;\">Aquest divendres 21 de desembre 2012 Joan Comalat i Rigau Editors van presentar el llibre \u00abJoan Comalat, Fotoperiodisme i Creaci\u00f3 Visual al Pla de l&#8217;Estany\u00bb el nov\u00e8 volum de la col.lecci\u00f3 FOT\u00d2GRAFS BANYOLINS.La presentaci\u00f3 d&#8217;aquest llibre va anar acompanyada de la inauguraci\u00f3 \u00abLLu\u00eds Vil\u00e0 CARN\u00bb, una serie de fotografies colorejades per LLu\u00eds Vil\u00e0 (algunes fetes pel mateix Joan Comalat). L&#8217;acte de presentaci\u00f3 va anar a c\u00e0rrec de Llu\u00eds Coromina, Anton Maria Rigau, Ricard Planas, Joan Comalat i Miquel Noguer, alcalde de Banyoles.<\/p>\n<p style=\"text-align:justify;\"><a href=\"http:\/\/espaieatart.wordpress.com\/2012\/12\/22\/joan-comalat-lluis-vila-a-lespai-eat-art-de-banyoles\/llibre-joan-comalat\/\" rel=\"attachment wp-att-1661\"><img loading=\"lazy\" decoding=\"async\" class=\"alignleft size-large wp-image-1661\" alt=\"llibre joan comalat\" src=\"http:\/\/espaieatart.files.wordpress.com\/2012\/12\/llibre-joan-comalat.jpg?w=1024\" width=\"1024\" height=\"371\" \/><\/a><\/p>\n<p style=\"text-align:justify;\">\n<p style=\"text-align:justify;\">\n<p style=\"text-align:justify;\">\n<p style=\"text-align:justify;\">\n<p style=\"text-align:justify;\">\n<p style=\"text-align:justify;\">Es pot visitar fins a finals de gener 2013.<\/p>\n","protected":false},"excerpt":{"rendered":"<p>Aquest divendres 21 de desembre 2012 Joan Comalat i Rigau Editors van presentar el llibre \u00abJoan Comalat, Fotoperiodisme i Creaci\u00f3 &#8230;<\/p>\n","protected":false},"author":1,"featured_media":1661,"comment_status":"open","ping_status":"open","sticky":false,"template":"","format":"standard","meta":{"footnotes":""},"categories":[9],"tags":[],"class_list":["post-1660","post","type-post","status-publish","format-standard","has-post-thumbnail","hentry","category-historic"],"_links":{"self":[{"href":"http:\/\/fundaciolluiscoromina.org\/index.php\/wp-json\/wp\/v2\/posts\/1660","targetHints":{"allow":["GET"]}}],"collection":[{"href":"http:\/\/fundaciolluiscoromina.org\/index.php\/wp-json\/wp\/v2\/posts"}],"about":[{"href":"http:\/\/fundaciolluiscoromina.org\/index.php\/wp-json\/wp\/v2\/types\/post"}],"author":[{"embeddable":true,"href":"http:\/\/fundaciolluiscoromina.org\/index.php\/wp-json\/wp\/v2\/users\/1"}],"replies":[{"embeddable":true,"href":"http:\/\/fundaciolluiscoromina.org\/index.php\/wp-json\/wp\/v2\/comments?post=1660"}],"version-history":[{"count":0,"href":"http:\/\/fundaciolluiscoromina.org\/index.php\/wp-json\/wp\/v2\/posts\/1660\/revisions"}],"wp:attachment":[{"href":"http:\/\/fundaciolluiscoromina.org\/index.php\/wp-json\/wp\/v2\/media?parent=1660"}],"wp:term":[{"taxonomy":"category","embeddable":true,"href":"http:\/\/fundaciolluiscoromina.org\/index.php\/wp-json\/wp\/v2\/categories?post=1660"},{"taxonomy":"post_tag","embeddable":true,"href":"http:\/\/fundaciolluiscoromina.org\/index.php\/wp-json\/wp\/v2\/tags?post=1660"}],"curies":[{"name":"wp","href":"https:\/\/api.w.org\/{rel}","templated":true}]}}