{"id":1666,"date":"2013-03-05T09:20:53","date_gmt":"2013-03-05T09:20:53","guid":{"rendered":"http:\/\/espaieatart.wordpress.com\/?p=1666"},"modified":"2013-03-05T09:20:53","modified_gmt":"2013-03-05T09:20:53","slug":"les-carns-grafiques-de-temps-fugit-de-franc-aleu-sinauguren-a-lespai-eatart","status":"publish","type":"post","link":"http:\/\/fundaciolluiscoromina.org\/index.php\/2013\/03\/05\/les-carns-grafiques-de-temps-fugit-de-franc-aleu-sinauguren-a-lespai-eatart\/","title":{"rendered":"Les carns gr\u00e0fiques de \u00abTemps fugit\u00bb de Franc Aleu s&#8217;inauguren a l&#8217;Espai EATART"},"content":{"rendered":"<p><em>El divendres dia 8 de mar\u00e7 a les 20h s&#8217;inaugura a l&#8217;espai EATART &#8211; Llu\u00eds Vil\u00e0 de Banyoles (Fundaci\u00f3 Llu\u00eds Coromina) l&#8217;exposici\u00f3 de l&#8217;artista multidisciplinar <strong>Franc Aleu<\/strong>. La mostra que rep per t\u00edtol \u00ab<strong>Temps fugit\u00bb<\/strong> dibuixa paraules amb carn. L&#8217;autor est\u00e0 treballant actualment en el desenvolupament d&#8217;un projecte pel Celler de Can Roca titulat \u00abEl somni\u00bb on tamb\u00e9 hi col\u00b7labora la productora Mediapro.<\/em><\/p>\n<p><strong>Transformacions de Franc Aleu<\/strong><br \/>\nFa temps, alg\u00fa va definir Franc Aleu com un artista \u201cmalalt de foto\u201d, per\u00f2 el proc\u00e9s de desenvolupar les seves tasques creatives ha transformat aquesta definici\u00f3 en una petita an\u00e8cdota, un moment d\u2019una traject\u00f2ria que ha esdevingut un punt de partida per a un artista que amb valentia i una gran intu\u00efci\u00f3 no ha dubtat a llan\u00e7ar-se de caps a les m\u00e9s diverses i agosarades aventures expressives.<br \/>\nAventures i ansietats que a trav\u00e9s del temps l\u2019han anat portant a buscar diferents camins d\u2019expressi\u00f3, fins a arribar a l\u2019\u00f2pera, un art total que li ofereix la possibilitat d\u2019afrontar un immens repte i que alhora li proporciona un ampl\u00edssim camp de possibilitats per expressar-se. Un g\u00e8nere que abra\u00e7a totes les disciplines \u00e9s un camp immens on Franc Aleu s\u2019ha capbussat amb intensitat.<br \/>\nEl seu gran coneixement tecnol\u00f2gic li ha perm\u00e8s treballar sense fronteres, anant sempre una mica m\u00e9s enll\u00e0 per expressar les seves idees i, a trav\u00e9s del seu ofici, fiscalitzar les emocions en unes creacions que impacten i atrauen per la seva for\u00e7a i la seva pot\u00e8ncia creativa.<br \/>\nDes de les grans creacions fins a les \u00f2peres i des dels treballs als escenaris m\u00e9s fastuosos del m\u00f3n cultural, ara Franc Aleu arriba a la galeria Eat Art de Banyoles, un espai que li serveix per fer una aturada. Per mostrar unes obres que ens posin al davant reflexions m\u00e9s \u00edntimes que ens facin evident que tot el que fem, per grandi\u00f3s i important que sigui, t\u00e9 sempre un punt de tr\u00e0nsit que \u00e9s del tot inherent a la nostra condici\u00f3 humana i, per tant, a tot all\u00f2 que podem realitzar.<br \/>\nUna galeria que tamb\u00e9 s\u2019ha transformat i que ara es dedica a l\u2019art i la gastronomia i que t\u00e9 com a objectiu aglutinar sinergies \u00e9s, sens dubte, un bon espai per fer una aturada, i Franc Aleu sap aprofitar l\u2019oportunitat per plantejar des d\u2019una nova perspectiva un dels eixos de moltes de les obres en qu\u00e8 s\u2019ha submergit anteriorment. L\u2019especialitat del lloc li ofereix la possibilitat de treballar amb un material, la carn, ben allunyat de les altes tecnologies a les quals ens t\u00e9 acostumats, per\u00f2 que \u00e9s una bona eina per expressar una de les nostres angoixes m\u00e9s antigues: la nostra pr\u00f2pia condici\u00f3 ef\u00edmera.<br \/>\nLa carn utilitzada com a mitj\u00e0 expressiu ens parla de l\u2019ef\u00edmer d\u2019una manera directa i ens connecta directament i amb rotunditat amb pensaments que sempre ens han acompanyat, amb reflexions que s\u2019han transformat en paraules com les d\u2019Ovidi: \u201cNosaltres vam florir tamb\u00e9 un dia, per\u00f2 aquella flor s\u2019assec\u00e0 aviat&#8230;\u201d (Tristes 5,8,19).<br \/>\nParaules d\u2019aspectes clau de la nostra exist\u00e8ncia, com ara el temps i la mort, realitzades amb botifarres que s\u2019assecaran i es convertiran en un altre aliment\u00a0 amb el pas del temps, s\u00f3n una manera clara i directa de parlar-nos d\u2019aquesta flor que s\u2019asseca, per\u00f2 tamb\u00e9 de dir-nos que el pas del temps \u00e9s tamb\u00e9 una part d\u2019un proc\u00e9s que pot esdevenir enriquidor i transformador.<\/p>\n<p><strong>Fina Duran <\/strong><em>historiadora de l\u2019art<\/em><\/p>\n<p><a href=\"http:\/\/espaieatart.files.wordpress.com\/2013\/03\/digital-franc-aleu.jpg\"><img loading=\"lazy\" decoding=\"async\" class=\"alignleft size-large wp-image-1667\" alt=\"Digital Franc Aleu\" src=\"http:\/\/espaieatart.files.wordpress.com\/2013\/03\/digital-franc-aleu.jpg?w=576\" width=\"576\" height=\"590\" \/><\/a><\/p>\n","protected":false},"excerpt":{"rendered":"<p>El divendres dia 8 de mar\u00e7 a les 20h s&#8217;inaugura a l&#8217;espai EATART &#8211; Llu\u00eds Vil\u00e0 de Banyoles (Fundaci\u00f3 Llu\u00eds &#8230;<\/p>\n","protected":false},"author":1,"featured_media":1667,"comment_status":"open","ping_status":"open","sticky":false,"template":"","format":"standard","meta":{"footnotes":""},"categories":[9],"tags":[55,19,85,86,87,88],"class_list":["post-1666","post","type-post","status-publish","format-standard","has-post-thumbnail","hentry","category-historic","tag-art-contemporani","tag-banyoles","tag-celler-de-can-roca","tag-eatart","tag-franc-aleu","tag-temps-fugit"],"_links":{"self":[{"href":"http:\/\/fundaciolluiscoromina.org\/index.php\/wp-json\/wp\/v2\/posts\/1666","targetHints":{"allow":["GET"]}}],"collection":[{"href":"http:\/\/fundaciolluiscoromina.org\/index.php\/wp-json\/wp\/v2\/posts"}],"about":[{"href":"http:\/\/fundaciolluiscoromina.org\/index.php\/wp-json\/wp\/v2\/types\/post"}],"author":[{"embeddable":true,"href":"http:\/\/fundaciolluiscoromina.org\/index.php\/wp-json\/wp\/v2\/users\/1"}],"replies":[{"embeddable":true,"href":"http:\/\/fundaciolluiscoromina.org\/index.php\/wp-json\/wp\/v2\/comments?post=1666"}],"version-history":[{"count":0,"href":"http:\/\/fundaciolluiscoromina.org\/index.php\/wp-json\/wp\/v2\/posts\/1666\/revisions"}],"wp:attachment":[{"href":"http:\/\/fundaciolluiscoromina.org\/index.php\/wp-json\/wp\/v2\/media?parent=1666"}],"wp:term":[{"taxonomy":"category","embeddable":true,"href":"http:\/\/fundaciolluiscoromina.org\/index.php\/wp-json\/wp\/v2\/categories?post=1666"},{"taxonomy":"post_tag","embeddable":true,"href":"http:\/\/fundaciolluiscoromina.org\/index.php\/wp-json\/wp\/v2\/tags?post=1666"}],"curies":[{"name":"wp","href":"https:\/\/api.w.org\/{rel}","templated":true}]}}