{"id":1671,"date":"2013-05-09T06:40:26","date_gmt":"2013-05-09T06:40:26","guid":{"rendered":"http:\/\/espaieatart.wordpress.com\/?p=1671"},"modified":"2013-05-09T06:40:26","modified_gmt":"2013-05-09T06:40:26","slug":"andre-ricard-disseny-social-i-fundacio-mas-casadevall-a-el-puntal","status":"publish","type":"post","link":"http:\/\/fundaciolluiscoromina.org\/index.php\/2013\/05\/09\/andre-ricard-disseny-social-i-fundacio-mas-casadevall-a-el-puntal\/","title":{"rendered":"Andr\u00e9 Ricard, disseny social i Fundaci\u00f3 Mas Casadevall a El Puntal"},"content":{"rendered":"<p><b><i>El reconegut creatiu barcelon\u00ed ha regalat durant 25 anys dissenys perqu\u00e8 les persones autistes de la Fundaci\u00f3 Mas Casadevall els puguin fer i posteriorment es comercialitzin<\/i><\/b><\/p>\n<p>La Fundaci\u00f3 Llu\u00eds Coromina, inaugura aquest diumenge 5 de maig a les 13:30h al seu edifici <i>El Puntal <\/i>de Banyoles (C\/Girona, 155), l\u2019exposici\u00f3: <i>Andr\u00e9 Ricard i Mas Casadeval: 25 anys de disseny social i autisme, <\/i>una iniciativa que<i> <\/i>vol donar a con\u00e8ixer les diferents propostes creatives que el dissenyador Andr\u00e9 Ricard ha projectat en exclusivitat per un dels centres d\u2019inserci\u00f3 d\u2019autistes de refer\u00e8ncia a Catalunya: el Mas Casadevall al Pla de l\u2019Estany. L\u2019exposici\u00f3, que ha comptat amb la col\u00b7laboraci\u00f3 de la Diputaci\u00f3 de Girona i de bonart cultural, t\u00e9 la curadoria del cr\u00edtic d\u2019art Ricard Planas, la coordinaci\u00f3 de Pep Mendoza i textos de Quim Fern\u00e0ndez.<\/p>\n<p>Si l\u2019espai d\u2019art <i>El Puntal \u2013<\/i>de la Fundaci\u00f3 Llu\u00eds Coromina<i>&#8211;<\/i> de Banyoles s\u2019est\u00e0 erigint com un dels laboratoris de creaci\u00f3 art\u00edstica de refer\u00e8ncia a les terres gironines, \u00e9s en gran part gr\u00e0cies a l\u2019orientaci\u00f3 de la seva activitat, centrada en tres l\u00ednies de treball: l\u2019experimentaci\u00f3, la transversalitat art\u00edstica i el comprom\u00eds social. Al centre no nom\u00e9s s\u2019hi presenten les darreres aportacions creatives de diferents grups art\u00edstics de la zona- les companyies teatrals de Joan Solana i el Cor de Teatre, la productora del cineasta Albert Serra, o la Llu\u00eds Vil\u00e0 Showroom-, sin\u00f3 que tamb\u00e9 hi tenen cabuda un extens programa de formaci\u00f3 de persones amb discapacitats intel\u00b7lectuals, com els tallers Art Especial, de la Fundaci\u00f3 Estany.<\/p>\n<p><b>Exposici\u00f3 i comprom\u00eds del disseny. <\/b>Andr\u00e9 Ricard col\u00b7labora amb el Mas des dels seus inicis, merc\u00e8s a la seva amistat amb un dels cinc membres fundadors del MC: Jose Luis Brunet. L\u2019aportaci\u00f3 de Ricard al llarg de 25 anys ha consistit en proposar un disseny exclusiu de diferents productes d\u2019\u00fas quotidi\u00e0 \u2013cendrer, jerra, l\u00e0mpada, vaixella i espelmes en forma de tr\u00e8vol &#8211;\u00a0 de resoluci\u00f3 senzilla i funcional, per tal que els residents de el Mas Casadevall puguin resoldre\u2019ls i formar-se amb facilitat. Tal i com ens explica Pep Mendoza, director executiu del Mas Casadevall, \u00abAndr\u00e9 Ricard disseny\u00e0 cadascun dels productes amb la finalitat de que els residents al centre poguessin participar en tots i cadascun dels processos d\u2019elaboraci\u00f3 del producte. Aix\u00ed en els tallers de paper, hi fabriquen les l\u00e0mpares; i en els de cer\u00e0mica, hi fabriquen cendrers i gerres. Les peces es produeixen d\u2019una manera artesanal, no serialitzada, i despr\u00e9s es posen a la venda al mateix Mas, o b\u00e9 adopten un \u00fas m\u00e9s funcional pel centre\u00bb Un dels darrers dissenys que Andr\u00e9 Ricard ha proposat pel centre \u00e9s el Tr\u00e8vol: un conjunt de quatre espelmes antimosquit amb diferents aromes aut\u00f2ctones. La dificultat principal ha sigut la incorporaci\u00f3 de les aromes a la cera, que finalment el dissenyador ha decidit fer amb les varietats de lavanda, pi, ginesta, fruites del bosc i citronella.<\/p>\n<p>Amb aquesta iniciativa es posa de manifest l\u2019actitud human\u00edstica d\u2019Andr\u00e9 Ricard (Barcelona, 1929) davant el disseny, que l\u2019ent\u00e9n com una disciplina que va m\u00e9s enll\u00e0 de la forma i de la funci\u00f3. En un dels seus assaigs m\u00e9s c\u00e8lebres \u2013<i>Disseny i qualitat de vida<\/i>&#8211; ja afirmava que el disseny, despr\u00e9s d\u2019haver passat la seva funci\u00f3 com a eina de superviv\u00e8ncia, \u00abva passar a ser una disciplina al servei de l\u2019home, per a millorar la seva qualitat de vida.\u00bb. Amb aquest principi Ricard ha creat al llarg de la seva dilatada trajectoria alguns dels seus dissenys m\u00e9s c\u00e8lebres: la vaixella <i>Compact<\/i> (1962), la pin\u00e7a <i>Arce<\/i> (1964) o els envasos d\u2019Agua Lavanda i Agua Brava de la firma de perfums Puig, els\u00a0<a href=\"http:\/\/ca.wikipedia.org\/wiki\/Cendrer_Copenhagen\">cendrers Copenhagen<\/a>, la batidora Moulinex o la torxa ol\u00edmpica de Barcelona 92. \u00a0Fou fundador, juntament amb\u00a0<a href=\"http:\/\/ca.wikipedia.org\/wiki\/Antoni_de_Moragas\">Antoni de Moragas<\/a>, de l\u2019ADI FAD, l\u2019Agrupaci\u00f3 de Disseny Industrial del Foment de les Arts. Amb la seva col\u00b7laboraci\u00f3 al Mas Casadevall Ricard porta m\u00e9s enll\u00e0 les seves pr\u00f2pies conviccions en la disciplina: el disseny no nom\u00e9s per millorar el confort quotidi\u00e0 de les persones, sin\u00f3 tamb\u00e9 per ajudar a guarir-les.<\/p>\n<p><b>25 anys Mas Casadevall, activitats i exposici\u00f3. <\/b>L\u2019exposici\u00f3 \u00e9s una de les moltes activitats que s\u2019han organitzat per a commemorar el 25\u00e8 aniversari de la fundaci\u00f3 del Mas Casadevall, actes que van comen\u00e7ar el nou de febrer passat, amb l\u2019estrena del documental Poca Vergonya, de Gerard Oliv\u00e9 i Cl\u00e0udia Ced\u00f3, i que recull el proc\u00e9s de creaci\u00f3 d\u2019una obra de teatre protagonitzada per alguns nois i noies amb autisme del centre. Mas Casadevall va ser una iniciativa privada per tenir cura de les persones afectades de Trastorns de l&#8217;Espectre Autista (TEA) i per a la prevenci\u00f3 alteraci\u00f3 neuronal. En aquell moment s\u2019ajuntaran diferents associacions especialitzades a la cura de malalties infantils, i juntes\u00a0 varen prendre el nom d&#8217;una Masia del Segle XVIII, situada al municipi de Seriny\u00e0 (Pla de l&#8217;Estany), de la que el Centre en faria seu des de la seva obertura el Novembre de 1988. Des dels seus inicis el centre va comptar amb un Consell Assessor, del que Andr\u00e9 Ricard en forma part inegrant, i que vetlla per la realitzaci\u00f3 i millora del projecte. Mas Casadevall \u00e9s un espai viu i integrat a l&#8217;entorn. A les llars, es millora el nivell d&#8217;autonomia personal dels residents, es facilita l&#8217;expressi\u00f3 i viv\u00e8ncia emocional, es potencien les \u00e0rees funcional, cognitiva i motora dels residents i es promou la seva participaci\u00f3 en la vida comunit\u00e0ria. I en aquesta din\u00e0mica, l\u2019art hi juga un paper cabdal:, perqu\u00e8 els hi aporta dos principis que l\u2019acte creatiu proporciona: consolidaci\u00f3 de l\u2019autonomia de l\u2019individu (afirmaci\u00f3 subjectiva) i cooperaci\u00f3 (integraci\u00f3 identit\u00e0ria).<\/p>\n<p><a href=\"http:\/\/espaieatart.files.wordpress.com\/2013\/05\/foto.jpg\"><img loading=\"lazy\" decoding=\"async\" class=\"alignleft size-large wp-image-1672\" alt=\"foto\" src=\"http:\/\/espaieatart.files.wordpress.com\/2013\/05\/foto.jpg?w=590\" width=\"590\" height=\"789\" \/><\/a> <a href=\"http:\/\/espaieatart.files.wordpress.com\/2013\/05\/andrecc81-ricard-p1.jpg\"><img loading=\"lazy\" decoding=\"async\" class=\"alignleft size-large wp-image-1674\" alt=\"ANDRE\u0301 RICARD P1\" src=\"http:\/\/espaieatart.files.wordpress.com\/2013\/05\/andrecc81-ricard-p1.jpg?w=590\" width=\"590\" height=\"393\" \/><\/a> <a href=\"http:\/\/espaieatart.files.wordpress.com\/2013\/05\/invitacio-d-andrericard.jpg\"><img loading=\"lazy\" decoding=\"async\" class=\"alignleft size-large wp-image-1673\" alt=\"Invitacio D andrericard\" src=\"http:\/\/espaieatart.files.wordpress.com\/2013\/05\/invitacio-d-andrericard.jpg?w=590\" width=\"590\" height=\"443\" \/><\/a><\/p>\n","protected":false},"excerpt":{"rendered":"<p>El reconegut creatiu barcelon\u00ed ha regalat durant 25 anys dissenys perqu\u00e8 les persones autistes de la Fundaci\u00f3 Mas Casadevall els &#8230;<\/p>\n","protected":false},"author":1,"featured_media":1672,"comment_status":"open","ping_status":"open","sticky":false,"template":"","format":"standard","meta":{"footnotes":""},"categories":[9],"tags":[],"class_list":["post-1671","post","type-post","status-publish","format-standard","has-post-thumbnail","hentry","category-historic"],"_links":{"self":[{"href":"http:\/\/fundaciolluiscoromina.org\/index.php\/wp-json\/wp\/v2\/posts\/1671","targetHints":{"allow":["GET"]}}],"collection":[{"href":"http:\/\/fundaciolluiscoromina.org\/index.php\/wp-json\/wp\/v2\/posts"}],"about":[{"href":"http:\/\/fundaciolluiscoromina.org\/index.php\/wp-json\/wp\/v2\/types\/post"}],"author":[{"embeddable":true,"href":"http:\/\/fundaciolluiscoromina.org\/index.php\/wp-json\/wp\/v2\/users\/1"}],"replies":[{"embeddable":true,"href":"http:\/\/fundaciolluiscoromina.org\/index.php\/wp-json\/wp\/v2\/comments?post=1671"}],"version-history":[{"count":0,"href":"http:\/\/fundaciolluiscoromina.org\/index.php\/wp-json\/wp\/v2\/posts\/1671\/revisions"}],"wp:attachment":[{"href":"http:\/\/fundaciolluiscoromina.org\/index.php\/wp-json\/wp\/v2\/media?parent=1671"}],"wp:term":[{"taxonomy":"category","embeddable":true,"href":"http:\/\/fundaciolluiscoromina.org\/index.php\/wp-json\/wp\/v2\/categories?post=1671"},{"taxonomy":"post_tag","embeddable":true,"href":"http:\/\/fundaciolluiscoromina.org\/index.php\/wp-json\/wp\/v2\/tags?post=1671"}],"curies":[{"name":"wp","href":"https:\/\/api.w.org\/{rel}","templated":true}]}}