{"id":1693,"date":"2013-06-19T12:19:36","date_gmt":"2013-06-19T12:19:36","guid":{"rendered":"http:\/\/espaieatart.wordpress.com\/?p=1693"},"modified":"2013-06-19T12:19:36","modified_gmt":"2013-06-19T12:19:36","slug":"el-gravat-i-laphonica-aterren-a-lespai-eat-art","status":"publish","type":"post","link":"http:\/\/fundaciolluiscoromina.org\/index.php\/2013\/06\/19\/el-gravat-i-laphonica-aterren-a-lespai-eat-art\/","title":{"rendered":"El gravat i l&#8217;Aph\u00f2nica aterren a l&#8217;Espai Eat Art"},"content":{"rendered":"<p><a href=\"http:\/\/espaieatart.files.wordpress.com\/2013\/06\/el-gravat-aphocc80nica-i-pipes.jpg\"><img loading=\"lazy\" decoding=\"async\" class=\"alignleft size-large wp-image-1694\" alt=\"Imprimir\" src=\"http:\/\/espaieatart.files.wordpress.com\/2013\/06\/el-gravat-aphocc80nica-i-pipes.jpg?w=590\" width=\"590\" height=\"771\" \/><\/a><\/p>\n<p><span style=\"color:#000000;\">La mostra \u00e9s una de les activitats paral\u00b7leles de l\u2019(a)ph\u00f2nica, Festival de la Veu de Banyoles, que arrenca aquest dijous i s\u2019allargar\u00e0 fins al dilluns 24 de juny<\/span><\/p>\n<p><span style=\"color:#000000;\">L\u2019acte d\u2019inauguraci\u00f3 tindr\u00e0 lloc aquest dijous 20 de juny a les 21:30h (gratu\u00eft) i comptar\u00e0 amb l\u2019actuaci\u00f3 de Tremendamente<\/span><\/p>\n<p><b>\u00a0<\/b>La inauguraci\u00f3 aquest dijous 20 de juny de l\u2019exposici\u00f3 <i>El gravat, (a)ph\u00f2nica i pipes<\/i>, a l\u2019espai eat art, que comptar\u00e0 amb l\u2019actuaci\u00f3 de Tremendamente, \u00e9s una de les activitats paral\u00b7leles del Festival de la Veu de Banyoles, (a)ph\u00f2nica, que del 20 al 24 de juny complir\u00e0 la ciutat amb propostes de veu per a tot tipus de p\u00fablic.<\/p>\n<p>L\u2019exposici\u00f3<b><i> El Gravat, (a)ph\u00f2nica i pipes<\/i><\/b> (fins al 27 de juliol, gratu\u00eft) \u00e9s una recreaci\u00f3 del restaurant cultural El Gravat de Vic, on es du a terme una intensa activitat dins el m\u00f3n de la creaci\u00f3 en tots els seus \u00e0mbits. En aquesta mostra, es visualitzar\u00e0 la relaci\u00f3 entre l&#8217;art, la m\u00fasica i la gastronomia i, a la paret principal, el festival hi explicar\u00e0 els seus 10 anys d&#8217;activitat.<\/p>\n<p>L\u2019acte d\u2019inauguraci\u00f3 comptar\u00e0 amb l\u2019actuaci\u00f3 de <b>Tremendamente<\/b>, un grup que \u2013com el festival- celebra el des\u00e8 aniversari. Dani Rif\u00e0 presentar\u00e0 en solitari el quart disc de la formaci\u00f3, <i>Al punto<\/i> (Aum\u00f3n, 2013), un viatge pel m\u00f3n de la gastronomia amb receptes cantades i entrevistes a 12 persones relacionades amb la cuina. Tamb\u00e9 repassar\u00e0 temes dels altres tres treballs publicats: <i>22:22 <\/i>(Rock On, 2003), <i>Abre tu mente&#8230;<\/i> (Aum\u00f2n, 2007) i <i>So\u00f1ar bien despierto<\/i> (Aum\u00f3n, 2009). Els seus concerts \u00f3n una festa, amb ritmes ecl\u00e8ctics i desenfrenats, lletres ir\u00f2niques i reflexives, tot plegat, un barreja de sentiments i emocions que fan d\u2019aquest concert una ocasi\u00f3 per la diversi\u00f3 i la reflexi\u00f3.<\/p>\n<p>Per als qui vulguin assistir-hi, el mateix dia hi haur\u00e0 un servei de bus de Vic a Banyoles a les 20:15 h, amb tornada a Vic a les 00 h (les inscripcions per al bus es realitzaran al Gravat). Tamb\u00e9, durant els dies del festival, aquest restaurant tindr\u00e0 un punt de venda per a l&#8217;afici\u00f3 de l'(a)ph\u00f2nica a l&#8217;espai eat art, amb entrepans i unes paperines especials de pipes.<\/p>\n<p><span style=\"color:#000000;\">Els horaris per visitar l\u2019exposici\u00f3 s\u00f3n: el divendres 21 de juny de les 16:30 h a les 20:30 h, i el dissabte 22, el diumenge 23 i el dilluns 24 de juny d\u201911 h a 14 h i de 16:30 h a 20:30 h.<\/span><\/p>\n<p><em><span style=\"color:#000000;\">Durant els dies del festival, El Gravat tindr\u00e0 un punt de venda per a l&#8217;afici\u00f3 de l'(a)ph\u00f2nica a l&#8217;espai eat art, amb entrepans de diferents salsitxes i tamb\u00e9 unes paperines especials de pipes. Divendres, de les 19 h a les 00 h. Dissabte, diumenge i dilluns, de 12 h a 00 h.<\/span><\/em><\/p>\n<p><b>\u00a0<\/b><\/p>\n","protected":false},"excerpt":{"rendered":"<p>La mostra \u00e9s una de les activitats paral\u00b7leles de l\u2019(a)ph\u00f2nica, Festival de la Veu de Banyoles, que arrenca aquest dijous &#8230;<\/p>\n","protected":false},"author":1,"featured_media":1694,"comment_status":"open","ping_status":"open","sticky":false,"template":"","format":"standard","meta":{"footnotes":""},"categories":[9],"tags":[],"class_list":["post-1693","post","type-post","status-publish","format-standard","has-post-thumbnail","hentry","category-historic"],"_links":{"self":[{"href":"http:\/\/fundaciolluiscoromina.org\/index.php\/wp-json\/wp\/v2\/posts\/1693","targetHints":{"allow":["GET"]}}],"collection":[{"href":"http:\/\/fundaciolluiscoromina.org\/index.php\/wp-json\/wp\/v2\/posts"}],"about":[{"href":"http:\/\/fundaciolluiscoromina.org\/index.php\/wp-json\/wp\/v2\/types\/post"}],"author":[{"embeddable":true,"href":"http:\/\/fundaciolluiscoromina.org\/index.php\/wp-json\/wp\/v2\/users\/1"}],"replies":[{"embeddable":true,"href":"http:\/\/fundaciolluiscoromina.org\/index.php\/wp-json\/wp\/v2\/comments?post=1693"}],"version-history":[{"count":0,"href":"http:\/\/fundaciolluiscoromina.org\/index.php\/wp-json\/wp\/v2\/posts\/1693\/revisions"}],"wp:attachment":[{"href":"http:\/\/fundaciolluiscoromina.org\/index.php\/wp-json\/wp\/v2\/media?parent=1693"}],"wp:term":[{"taxonomy":"category","embeddable":true,"href":"http:\/\/fundaciolluiscoromina.org\/index.php\/wp-json\/wp\/v2\/categories?post=1693"},{"taxonomy":"post_tag","embeddable":true,"href":"http:\/\/fundaciolluiscoromina.org\/index.php\/wp-json\/wp\/v2\/tags?post=1693"}],"curies":[{"name":"wp","href":"https:\/\/api.w.org\/{rel}","templated":true}]}}