{"id":1703,"date":"2013-07-30T10:29:10","date_gmt":"2013-07-30T10:29:10","guid":{"rendered":"http:\/\/espaieatart.wordpress.com\/?p=1703"},"modified":"2013-07-30T10:29:10","modified_gmt":"2013-07-30T10:29:10","slug":"lluis-vila-el-congres-de-labsolut-a-lars-santa-monica-de-barcelona","status":"publish","type":"post","link":"http:\/\/fundaciolluiscoromina.org\/index.php\/2013\/07\/30\/lluis-vila-el-congres-de-labsolut-a-lars-santa-monica-de-barcelona\/","title":{"rendered":"Llu\u00eds Vil\u00e0 \u00abEl Congr\u00e9s de l&#8217;Absolut\u00bb a l&#8217;Arts Santa M\u00f2nica de Barcelona"},"content":{"rendered":"<p><span style=\"color:#000000;\">EXPOSICI\u00d3 OBERTA 30 JULIOL &#8211; 7 de SETEMBRE 2013 &#8211; espai balc\u00f3<\/span><br \/>\ninauguraci\u00f3 dimarts 30 juliol 2013 &#8211; 19:00h.<\/p>\n<p><span style=\"color:#000000;\">Combinar universos tel\u00b7l\u00faricament diferents perqu\u00e8 s\u2019atrapin, per treure\u2019n cosmovisions impossibles. Aquesta \u00e9s una de les claus per tirar endavant en el coneixement hum\u00e0. L&#8217;artista <i>Llu\u00eds Vil\u00e0<\/i> (Girona 1952 \u2013 Banyoles 2010) ho va fer amb la s\u00e8rie de baixos relleus \u00abEl congr\u00e9s de l&#8217;absolut\u00bb i l&#8217;escriptor <i>Jorge Luis Borges<\/i> li ho va permetre, escrivint el llibre \u00abEl congreso del mundo\u00bb, d\u2019on es basa tota la s\u00e8rie d\u2019escultures. Un inter\u00e8s del catal\u00e0 per aquest relat borgi\u00e0 que sorgeix \u201cprimer, perqu\u00e8 era curt i, despr\u00e9s, perqu\u00e8 vaig trobar una edici\u00f3 il\u00b7lustrada magn\u00edficament per l\u2019editor itali\u00e0 Franco Maria Ricci amb mapes t\u00e0ntrics de l\u2019\u00cdndia, que \u00e9s un pas endavant est\u00e8tic i que em va esperonar a prosseguir en aquesta l\u00ednia d\u2019investigaci\u00f3\u201d.<\/span><\/p>\n<p><span style=\"color:#000000;\">Llu\u00eds Vil\u00e0 va construir aquestes caixes de llum, des del 2008 i fins a pocs dies abans de traspassar, el 2010. Caixes de Pandora per il\u00b7luminar-nos vers una gruta on l\u2019estendard de la llibertat esdev\u00e9 clau, l\u2019estendard vers el pas d\u2019un <i>Homo sapiens<\/i> a un <i>Homo ex-novo<\/i>. Per l\u2019artista, aquestes obres \u201cobren unes portes i en tanquen unes altres \u2013formalment i conceptualment\u2013\u201d. \u00c9s com la lluita per la superaci\u00f3 de l\u2019esp\u00e8cie palesada en escultures de resines, que ens mostren els s\u00edmbols de la decrepitud i, alhora, de l\u2019excel\u00b7l\u00e8ncia humana. Som mat\u00e8ria i aix\u00ed s\u2019explicita en el fons de les tenebres d\u2019aquesta immersi\u00f3 en dos universos ignots i inquietants, que ens posen davant el mirall de la nostra quotidianitat. Cartografies de l\u2019\u00e0nima.<\/span><\/p>\n<p><span style=\"color:#000000;\"><i>El relat de Borges<\/i>. Avan\u00e7at al seu temps i en revolta textual (i filos\u00f2fica) permanent, \u201cEl congreso\u201d \u00e9s un conte de Jorge Luis Borges (Buenos Aires, 1899 \u2013 Ginebra, 1986) que forma part d\u2019\u201cEl libro de arena\u201d (1975). S\u2019hi narra una paradoxa l\u00f2gica pr\u00f2pia de l\u2019esfera matem\u00e0tica: la hist\u00f2ria de la preparaci\u00f3 d\u2019un ut\u00f2pic congr\u00e9s universal. El congr\u00e9s \u00e9s el m\u00f3n i, en conseq\u00fc\u00e8ncia, no t\u00e9 ni origen ni desenlla\u00e7 un\u00edvoc.<\/span><\/p>\n<p><span style=\"color:#000000;\">Aix\u00ed doncs, un maridatge que\u00a0reivindica un literat universal, que travessa fronteres, mitjan\u00e7ant una proposta d\u2019un artista punyent amb un discurs global. I \u00e9s que el repte \u00e9s combinar el coneixement per amplificar-lo. L\u2019exposici\u00f3, sota la curadoria de\u00a0Ricard Planas, ha tingut la col\u00b7laboraci\u00f3 de l\u2019escriptora Anna Carreras i del periodista Salvador Garcia-Arb\u00f3s.<\/span><\/p>\n<p><a href=\"http:\/\/espaieatart.files.wordpress.com\/2013\/07\/invitaciocc81-vilacc80-3.jpg\"><img loading=\"lazy\" decoding=\"async\" class=\"alignleft size-large wp-image-1705\" alt=\"Invitacio\u0301 Vila\u0300-3\" src=\"http:\/\/espaieatart.files.wordpress.com\/2013\/07\/invitaciocc81-vilacc80-3.jpg?w=590\" width=\"590\" height=\"834\" \/><\/a><\/p>\n","protected":false},"excerpt":{"rendered":"<p>EXPOSICI\u00d3 OBERTA 30 JULIOL &#8211; 7 de SETEMBRE 2013 &#8211; espai balc\u00f3 inauguraci\u00f3 dimarts 30 juliol 2013 &#8211; 19:00h. Combinar &#8230;<\/p>\n","protected":false},"author":1,"featured_media":1705,"comment_status":"open","ping_status":"open","sticky":false,"template":"","format":"standard","meta":{"footnotes":""},"categories":[9],"tags":[],"class_list":["post-1703","post","type-post","status-publish","format-standard","has-post-thumbnail","hentry","category-historic"],"_links":{"self":[{"href":"http:\/\/fundaciolluiscoromina.org\/index.php\/wp-json\/wp\/v2\/posts\/1703","targetHints":{"allow":["GET"]}}],"collection":[{"href":"http:\/\/fundaciolluiscoromina.org\/index.php\/wp-json\/wp\/v2\/posts"}],"about":[{"href":"http:\/\/fundaciolluiscoromina.org\/index.php\/wp-json\/wp\/v2\/types\/post"}],"author":[{"embeddable":true,"href":"http:\/\/fundaciolluiscoromina.org\/index.php\/wp-json\/wp\/v2\/users\/1"}],"replies":[{"embeddable":true,"href":"http:\/\/fundaciolluiscoromina.org\/index.php\/wp-json\/wp\/v2\/comments?post=1703"}],"version-history":[{"count":0,"href":"http:\/\/fundaciolluiscoromina.org\/index.php\/wp-json\/wp\/v2\/posts\/1703\/revisions"}],"wp:attachment":[{"href":"http:\/\/fundaciolluiscoromina.org\/index.php\/wp-json\/wp\/v2\/media?parent=1703"}],"wp:term":[{"taxonomy":"category","embeddable":true,"href":"http:\/\/fundaciolluiscoromina.org\/index.php\/wp-json\/wp\/v2\/categories?post=1703"},{"taxonomy":"post_tag","embeddable":true,"href":"http:\/\/fundaciolluiscoromina.org\/index.php\/wp-json\/wp\/v2\/tags?post=1703"}],"curies":[{"name":"wp","href":"https:\/\/api.w.org\/{rel}","templated":true}]}}