{"id":1725,"date":"2013-09-12T06:34:18","date_gmt":"2013-09-12T06:34:18","guid":{"rendered":"http:\/\/espaieatart.wordpress.com\/?p=1725"},"modified":"2013-09-12T06:34:18","modified_gmt":"2013-09-12T06:34:18","slug":"les-fotografies-de-francesc-guillamet-elbulli-sinauguren-dema-leat-art-i-el-puntal","status":"publish","type":"post","link":"http:\/\/fundaciolluiscoromina.org\/index.php\/2013\/09\/12\/les-fotografies-de-francesc-guillamet-elbulli-sinauguren-dema-leat-art-i-el-puntal\/","title":{"rendered":"Les fotografies de Francesc Guillamet, elbulli, s&#8217;inauguren dem\u00e0 l&#8217;eat art i el puntal"},"content":{"rendered":"<p><a href=\"http:\/\/espaieatart.files.wordpress.com\/2013\/09\/idfrancescguillamet-tr.jpg\"><img loading=\"lazy\" decoding=\"async\" class=\"alignleft size-large wp-image-1726\" alt=\"IDfrancescguillamet.tr\" src=\"http:\/\/espaieatart.files.wordpress.com\/2013\/09\/idfrancescguillamet-tr.jpg?w=590\" width=\"590\" height=\"295\" \/><\/a><\/p>\n<p>&nbsp;<\/p>\n<p>&nbsp;<\/p>\n<p>&nbsp;<\/p>\n<p>&nbsp;<\/p>\n<p>&nbsp;<\/p>\n<p>&nbsp;<\/p>\n<p>14 setembre \u2013 18 d&#8217;octubre 2013<br \/>\ninauguraci\u00f3 divendres 13 de setembre a les 20h.<\/p>\n<p>Despr\u00e9s d\u2019exposar a l\u2019IVAM de Val\u00e8ncia, el fot\u00f2graf Francesc Guillamet exposa un compendi de les fotografies que han revolucionat la nova percepci\u00f3 de la cuina contempor\u00e0nia. L\u2019autor, que ha elaborat les imatges dels plats-escultura del cuiner Ferran Adri\u00e0 i, darrerament, dels germans Roca, ens presenta a l\u2019espai Eat Art una t\u00e8cnica especial la Platino-cr\u00f2mia, un procediment d\u2019hibridaci\u00f3 fotoqu\u00edmica \/ digital i que ha comptat amb la col\u00b7laboraci\u00f3 del tamb\u00e9 fot\u00f2graf i t\u00e8cnic fotogr\u00e0fic Carlos Barrantes.<\/p>\n<p>Guillamet \u00e9s un fot\u00f2graf d&#8217;una t\u00e8cnica m\u00e9s que depurada per\u00f2, sobretot, amb importants coneixements art\u00edstics. \u00c9s a dir, est\u00e0 fora de dubte la seva capacitat autoconscient i la seva inserci\u00f3 no nom\u00e9s en la tradici\u00f3 de la hist\u00f2ria de la fotografia sin\u00f3 tamb\u00e9 en la de la hist\u00f2ria de l&#8217;art. Tant \u00e9s aix\u00ed que la m\u00e9s immediata de les lectures de la seva obra remet a m\u00faltiples i suggerents refer\u00e8ncies procedents de la pintura moderna, en general les del camp de l&#8217;abstracci\u00f3, des de la geom\u00e8trica a la surreal, passant per l&#8217;expressiva o la l\u00edrica.<\/p>\n<p>La fotografia de Guillamet, la seva ess\u00e8ncia, ens proposa un intens exercici de reconeixement de la realitat, ja que en treballar sobre la revolucion\u00e0ria cuina del Bulli i altres actors de la gastronomia mundial, fomenta una mena d&#8217;hiperrealitat de naturaleses estranyes que ens proporcionen imatges d&#8217;una enorme pot\u00e8ncia i de connotacions finalment irreals, molt noves per m\u00e9s que estiguin pr\u00f2ximes a totes les gammes de l&#8217;abstracci\u00f3, especialment la surrealista, aix\u00ed com al g\u00e8nere de la natura morta al qual, sens dubte, renova gr\u00e0cies a les originals formes de la cuina actual.<\/p>\n<blockquote class=\"wp-embedded-content\" data-secret=\"YUJcIeYgkx\"><p><a href=\"http:\/\/fundaciolluiscoromina.org\/\">Home<\/a><\/p><\/blockquote>\n<p><iframe loading=\"lazy\" class=\"wp-embedded-content\" sandbox=\"allow-scripts\" security=\"restricted\" style=\"position: absolute; visibility: hidden;\" title=\"\u201cHome\u201d \u2014 Fundaci\u00f3 Llu\u00eds Coromina\" src=\"http:\/\/fundaciolluiscoromina.org\/embed\/#?secret=TtFchS27Qf#?secret=YUJcIeYgkx\" data-secret=\"YUJcIeYgkx\" width=\"600\" height=\"338\" frameborder=\"0\" marginwidth=\"0\" marginheight=\"0\" scrolling=\"no\"><\/iframe><br \/>\nhttp:\/\/www.francescguillamet.com\/<br \/>\nhttp:\/\/www.bonart.cat<br \/>\nhttp:\/\/www.carlosbarrantes.com<br \/>\nhttp:\/\/www.farineracoromina.cat\/<\/p>\n<p>Activitats &#8211; divendres 20 setembre<br \/>\n(19h) Visita comentada de l\u2019artista a l\u2019exposici\u00f3<br \/>\n(20h) Taula rodona \u2013 la nova fotografia gastron\u00f2mica<br \/>\nCoordina Salvador Garcia-Arb\u00f3s<\/p>\n<p>Activitats &#8211; divendres 18 octubre (19:30h)<br \/>\nPresentaci\u00f3 del llibre de Jaume Coll<br \/>\namb fotografies de Francesc Guillamet<br \/>\n\u201cUn passeig per la cuina adri\u00e0nica\u201d<\/p>\n<p>Horari: dimarts a divendres de 16.30h a 20.30h<br \/>\ndissabtes mat\u00ed 11h a 14h i tadres 16.30h a 20.30h<\/p>\n","protected":false},"excerpt":{"rendered":"<p>&nbsp; &nbsp; &nbsp; &nbsp; &nbsp; &nbsp; 14 setembre \u2013 18 d&#8217;octubre 2013 inauguraci\u00f3 divendres 13 de setembre a les 20h. &#8230;<\/p>\n","protected":false},"author":1,"featured_media":1726,"comment_status":"open","ping_status":"open","sticky":false,"template":"","format":"standard","meta":{"footnotes":""},"categories":[9],"tags":[],"class_list":["post-1725","post","type-post","status-publish","format-standard","has-post-thumbnail","hentry","category-historic"],"_links":{"self":[{"href":"http:\/\/fundaciolluiscoromina.org\/index.php\/wp-json\/wp\/v2\/posts\/1725","targetHints":{"allow":["GET"]}}],"collection":[{"href":"http:\/\/fundaciolluiscoromina.org\/index.php\/wp-json\/wp\/v2\/posts"}],"about":[{"href":"http:\/\/fundaciolluiscoromina.org\/index.php\/wp-json\/wp\/v2\/types\/post"}],"author":[{"embeddable":true,"href":"http:\/\/fundaciolluiscoromina.org\/index.php\/wp-json\/wp\/v2\/users\/1"}],"replies":[{"embeddable":true,"href":"http:\/\/fundaciolluiscoromina.org\/index.php\/wp-json\/wp\/v2\/comments?post=1725"}],"version-history":[{"count":0,"href":"http:\/\/fundaciolluiscoromina.org\/index.php\/wp-json\/wp\/v2\/posts\/1725\/revisions"}],"wp:attachment":[{"href":"http:\/\/fundaciolluiscoromina.org\/index.php\/wp-json\/wp\/v2\/media?parent=1725"}],"wp:term":[{"taxonomy":"category","embeddable":true,"href":"http:\/\/fundaciolluiscoromina.org\/index.php\/wp-json\/wp\/v2\/categories?post=1725"},{"taxonomy":"post_tag","embeddable":true,"href":"http:\/\/fundaciolluiscoromina.org\/index.php\/wp-json\/wp\/v2\/tags?post=1725"}],"curies":[{"name":"wp","href":"https:\/\/api.w.org\/{rel}","templated":true}]}}