{"id":1728,"date":"2013-09-12T06:39:35","date_gmt":"2013-09-12T06:39:35","guid":{"rendered":"http:\/\/espaieatart.wordpress.com\/?p=1728"},"modified":"2013-09-12T06:39:35","modified_gmt":"2013-09-12T06:39:35","slug":"la-vida-de-sabater-pi-el-descobridor-del-floquet-de-neu-sinaugura-dema-a-la-fundacio-lluis-coromina","status":"publish","type":"post","link":"http:\/\/fundaciolluiscoromina.org\/index.php\/2013\/09\/12\/la-vida-de-sabater-pi-el-descobridor-del-floquet-de-neu-sinaugura-dema-a-la-fundacio-lluis-coromina\/","title":{"rendered":"La vida de Sabater Pi, el descobridor del floquet de neu, s&#8217;inaugura dem\u00e0 a la Fundaci\u00f3 Llu\u00eds Coromina"},"content":{"rendered":"<p><a href=\"http:\/\/espaieatart.files.wordpress.com\/2013\/09\/idsabaterpi-tr.jpg\"><img loading=\"lazy\" decoding=\"async\" class=\"alignleft size-large wp-image-1730\" alt=\"IDsabaterpi.tr\" src=\"http:\/\/espaieatart.files.wordpress.com\/2013\/09\/idsabaterpi-tr.jpg?w=590\" width=\"590\" height=\"590\" \/><\/a><\/p>\n<p>&nbsp;<\/p>\n<p>&nbsp;<\/p>\n<p>&nbsp;<\/p>\n<p>JORDI SABATER PI<br \/>\nUNA VIDA DEDICADA A LA CI\u00c8NCIA<\/p>\n<p>7 setembre \u2013 5 octubre<br \/>\ninauguraci\u00f3 dissabte 7 setembre a les 21:30h.<\/p>\n<p>En aquesta exposici\u00f3 fem un rep\u00e0s de la seva vida dedicada a la ci\u00e8ncia, d&#8217;una manera cronol\u00f2gica, i destacant les fites principals de la seva activitat. Jordi Sabater Pi \u00e9s conegut a casa nostra pel descobriment del Floquet de Neu; ara b\u00e9, Sabater Pi va fer descobriments molt i molt m\u00e9s importants que no pas en Floquet, que ell anomena \u00aban\u00e8cdota\u00bb. Els seus treballs antropol\u00f2gics, la seva observaci\u00f3 sobre les activitats dels ximpanc\u00e8s de la selva, el descobriment de noves esp\u00e8cies&#8230; no pot quedar amagat darrera d&#8217;unes imatges m\u00e9s o menys simp\u00e0tiques d&#8217;un ximpanc\u00e8 blanc.<br \/>\nL&#8217;exposici\u00f3 exhibeix tamb\u00e9 els instruments originals que Sabater Pi va descobrir en mans de ximpanc\u00e8s; uns pals sel\u00b7leccionats per gruix, manipulats en la llargada, i emprats per obtenir aliment; uns instruments que serveixen tamb\u00e9 per estimular l&#8217;aprenentatge no tant sols dels ximpanc\u00e8s, sin\u00f3 tamb\u00e9 dels Homo sapiens espectadors de l&#8217;actualitat.<\/p>\n<blockquote class=\"wp-embedded-content\" data-secret=\"1fHKyEUaCp\"><p><a href=\"http:\/\/fundaciolluiscoromina.org\/\">Home<\/a><\/p><\/blockquote>\n<p><iframe loading=\"lazy\" class=\"wp-embedded-content\" sandbox=\"allow-scripts\" security=\"restricted\" style=\"position: absolute; visibility: hidden;\" title=\"\u201cHome\u201d \u2014 Fundaci\u00f3 Llu\u00eds Coromina\" src=\"http:\/\/fundaciolluiscoromina.org\/embed\/#?secret=4oY9SNQg9m#?secret=1fHKyEUaCp\" data-secret=\"1fHKyEUaCp\" width=\"600\" height=\"338\" frameborder=\"0\" marginwidth=\"0\" marginheight=\"0\" scrolling=\"no\"><\/iframe><br \/>\nhttp:\/\/www.iphes.cat<br \/>\nhttp:\/\/www.fundacionmona.org<br \/>\nhttp:\/\/www.bonart.cat<\/p>\n<p>Horari: dimarts, dijous i dissabtes de 16:30h a 20.30h<br \/>\nMatins, horaris a convenir.<\/p>\n<p>Amb col\u00b7laboraci\u00f3<br \/>\nFundaci\u00f3 Mona<br \/>\nFacultat d\u2019Educaci\u00f3 i Psicologia. Universitat de Girona<br \/>\nInstitut Catal\u00e0 de Paleoecologia Humana i Evoluci\u00f3 Social<br \/>\nBonart Cultural<br \/>\nAjuntament de Banyoles<br \/>\nDiputaci\u00f3 de Girona<\/p>\n","protected":false},"excerpt":{"rendered":"<p>&nbsp; &nbsp; &nbsp; JORDI SABATER PI UNA VIDA DEDICADA A LA CI\u00c8NCIA 7 setembre \u2013 5 octubre inauguraci\u00f3 dissabte 7 &#8230;<\/p>\n","protected":false},"author":1,"featured_media":1730,"comment_status":"open","ping_status":"open","sticky":false,"template":"","format":"standard","meta":{"footnotes":""},"categories":[9],"tags":[],"class_list":["post-1728","post","type-post","status-publish","format-standard","has-post-thumbnail","hentry","category-historic"],"_links":{"self":[{"href":"http:\/\/fundaciolluiscoromina.org\/index.php\/wp-json\/wp\/v2\/posts\/1728","targetHints":{"allow":["GET"]}}],"collection":[{"href":"http:\/\/fundaciolluiscoromina.org\/index.php\/wp-json\/wp\/v2\/posts"}],"about":[{"href":"http:\/\/fundaciolluiscoromina.org\/index.php\/wp-json\/wp\/v2\/types\/post"}],"author":[{"embeddable":true,"href":"http:\/\/fundaciolluiscoromina.org\/index.php\/wp-json\/wp\/v2\/users\/1"}],"replies":[{"embeddable":true,"href":"http:\/\/fundaciolluiscoromina.org\/index.php\/wp-json\/wp\/v2\/comments?post=1728"}],"version-history":[{"count":0,"href":"http:\/\/fundaciolluiscoromina.org\/index.php\/wp-json\/wp\/v2\/posts\/1728\/revisions"}],"wp:attachment":[{"href":"http:\/\/fundaciolluiscoromina.org\/index.php\/wp-json\/wp\/v2\/media?parent=1728"}],"wp:term":[{"taxonomy":"category","embeddable":true,"href":"http:\/\/fundaciolluiscoromina.org\/index.php\/wp-json\/wp\/v2\/categories?post=1728"},{"taxonomy":"post_tag","embeddable":true,"href":"http:\/\/fundaciolluiscoromina.org\/index.php\/wp-json\/wp\/v2\/tags?post=1728"}],"curies":[{"name":"wp","href":"https:\/\/api.w.org\/{rel}","templated":true}]}}