{"id":1738,"date":"2013-10-22T07:50:44","date_gmt":"2013-10-22T07:50:44","guid":{"rendered":"http:\/\/fundaciolluiscoromina.org\/?p=1738"},"modified":"2013-10-22T07:50:44","modified_gmt":"2013-10-22T07:50:44","slug":"calendari-solidari-fundacio-estany","status":"publish","type":"post","link":"http:\/\/fundaciolluiscoromina.org\/index.php\/2013\/10\/22\/calendari-solidari-fundacio-estany\/","title":{"rendered":"Calendari Solidari Fundaci\u00f3 Estany"},"content":{"rendered":"<p><strong><span style=\"color:#000000;\"><em>avui a les 20h es presenta a la Fundaci\u00f3 Llu\u00eds Coromina &#8211; espai eat art el calendari solidari de la Fundaci\u00f3 Estany.<\/em><\/span><\/strong><\/p>\n<p>Els protagonistes s\u00f3n persones del Pla de l\u2019Estany que destaquen per la seva traject\u00f2ria professional i personal acompanyats de persones amb discapacitat intel\u00b7lectual. Els escenaris s\u00f3n espais de la comarca que s\u00f3n rellevants pels protagonistes.<\/p>\n<p>El proc\u00e9s de creaci\u00f3 ha estat divertit, complicat en alguns moments, per\u00f2 sobretot ha sigut IL\u00b7LUSIONADOR. Per uns moments hem apropat el m\u00f3n de la discapacitat a \u00e0mbits com la cultura, l\u2019esport, la gastronomia, &#8230; compartint converses, punts de vista i una bona estona.<\/p>\n<p>La intenci\u00f3 d\u2019aquesta exposici\u00f3 i del calendari, a part de la difusi\u00f3 i d\u2019aconseguir fons econ\u00f2mics, \u00e9s transmetre una mirada m\u00e9s enll\u00e0 de la discapacitat, des de la inclusi\u00f3 i el comprom\u00eds social. Cada fotografia guarda una hist\u00f2ria al darrera per\u00f2 totes comparteixen la mateixa mirada: situar la discapacitat des d\u2019una perspectiva m\u00e9s positiva; aquest \u00e9s el nostre objectiu!<\/p>\n<p>Fundaci\u00f3 Estany \u00e9s l\u2019impulsora del Calendari Solidari. Entitat sense \u00e0nim de lucre i d\u2019iniciativa social que treballa per millorar la qualitat de vida de les persones amb discapacitat intel\u00b7lectual i les seves fam\u00edlies. Promou projectes i activitats que afavoreixin la seva inclusi\u00f3 social i impulsa activitats d\u2019informaci\u00f3 i sensibilitzaci\u00f3 ciutadana.<\/p>\n<p><strong>EL FOT\u00d2GRAF<\/strong><\/p>\n<p><strong>Jaume Lis<\/strong>, nascut\u00a0el\u00a0mar\u00e7 del 1981 i amb estudis de fotografia realitzats a l&#8217;escola IDEP de Barcelona i a l&#8217;ERAM de Salt, \u00e9s\u00a0el responsable de la secci\u00f3 de\u00a0<strong>fotografia<\/strong> a <strong>Foto Lis<\/strong>,\u00a0on aplica un concepte de fotoreportatge<\/p>\n<p>Aquest<strong> fot\u00f2graf<\/strong> ja forma part de la nova era digital i, tot i que va comen\u00e7ar a treballar durant l&#8217;era anal\u00f2gica, el seu objectiu \u00e9s intentar aplicar tot tipus de t\u00e8cniques (arts pl\u00e0stiques, dibuix, graffiti, il\u00b7lustraci\u00f3, etc.) a les seves fotografies, per tal d&#8217;innovar i trobar diferents m\u00e8todes de representar el projecte de cada client.<\/p>\n<p>Col\u00b7laborador habitual amb Fundaci\u00f3 Estany. Per segon any consecutiu \u00e9s el responsable de les fotografies i el disseny del Calendari Solidari. A trav\u00e9s del seu objectiu, ha aconseguit captar moments \u00fanics entre els personatges del Calendari Solidari. Amb aquestes fotografies aconsegueix transmetre una mirada diferent de la discapacitat; una visi\u00f3 positiva, inclusiva i de responsabilitat social.<\/p>\n<p>&nbsp;<\/p>\n<p><strong>ELS DUETS<\/strong><\/p>\n<p><span style=\"color:#000000;\">Kitsch i Marcel Congost<\/span><\/p>\n<p><span style=\"color:#000000;\">Jordi Gimferrer i Sandra Planas<\/span><\/p>\n<p><span style=\"color:#000000;\">Cor de Teatre i Marta Sallent<\/span><\/p>\n<p><span style=\"color:#000000;\">Judit Verg\u00e9s i Roser Fontanils<\/span><\/p>\n<p><span style=\"color:#000000;\">Esther Guerrero i Juan Gallardo<\/span><\/p>\n<p><span style=\"color:#000000;\">Llu\u00eds Coromina i Joan Vi\u00f1olas<\/span><\/p>\n<p><span style=\"color:#000000;\">Alba Bosch i Carmelita Puigdemont<\/span><\/p>\n<p><span style=\"color:#000000;\">Colla Castellera Esperxats de l\u2019Estany i Jordi Saub\u00ed<\/span><\/p>\n<p><span style=\"color:#000000;\">David Marc\u00e9, L\u00eddia Vil\u00e0, Dani Berm\u00fadez, Gerard Puigdemont i Joel Comas<\/span><\/p>\n<p><span style=\"color:#000000;\">Isaki Lacuesta i Judit Joyera<\/span><\/p>\n<p><span style=\"color:#000000;\">Tino Soriano i Jordi Miguel<\/span><\/p>\n<p><span style=\"color:#000000;\">Pere Arpa i Teresa Comas<\/span><\/p>\n<p>&nbsp;<\/p>\n<p><strong>ELS CONVIDATS<\/strong><\/p>\n<p><b>Cor de Teatre:<\/b> molt m\u00e9s que un grup vocal \u00e9s una companyia que ha obert un nou cam\u00ed en la interpretaci\u00f3 del repertori polif\u00f2nic i que treballa des de fa 15 anys en la recerca de noves sonoritats, que experimenta amb el seu potencial expressiu i la interpretaci\u00f3. Amb l\u2019espectacle Operetta ha actuat als principals teatres i auditoris del nostre pa\u00eds a fet temporada al Theatre Antoine de Par\u00eds i aquest novembre inicia una gira internacional de 5 mesos de durada.<\/p>\n<p><b>Llu\u00eds Coromina:<\/b> empresari i president de la Fundaci\u00f3 Llu\u00eds Coromina destaca pel seu paper comprom\u00e8s en el m\u00f3n de les arts i en la preservaci\u00f3 del medi natural i dels animals. Fundador d\u2019El Puntal \u2013 Laboratori de les Arts i l\u2019Espai Eat Art, creador d\u2019un centre d\u2019acollida temporal d\u2019animals, col\u00b7labora en projectes de Fundaci\u00f3 Estany i Mas Casadevall i ha col\u00b7laborat en projectes humanitaris a nivell internacional.<\/p>\n<p><b>Kitsch:<\/b> grup de rock amb m\u00e9s de 20 anys d\u2019hist\u00f2ria creat l\u2019any 1985 per Llu\u00eds Costabella i Joan Pair\u00f3. Fidel a l\u2019estil que\u00a0 el va donar a con\u00e8ixer ha sabut innovar i s\u2019ha mantingut actiu fins a l\u2019actualitat en el panorama musical catal\u00e0.<\/p>\n<p><b>Esther Guerrero:<\/b> atleta especialista en 800m llisos, forma part del grup d\u2019atletes del FCB i ha estat en v\u00e0ries ocasions campiona d\u2019Espanya.<\/p>\n<p><b>Colla Castellera Esperxats de l\u2019Estany:<\/b> primera colla castellera de la comarca del Pla de l\u2019Estany que amb nomes un any de vida han aconseguit fer castells de 6. Com diu el lema casteller \u201cfor\u00e7a,equilibri, valor i seny\u201d i sobretot, treball en equip.<\/p>\n<p><b>Pere Arpa:<\/b> cuiner que dirigeix el Restaurant-Hotel Ca l\u2019Arpa. Format amb cuiners com Joan Piqui i Martin Berasategui, realitza una cuina senzilla de productes de qualitat. Guardonat l\u2019any 2006 amb una Estrella Michelin.<\/p>\n<p><b>Judit Verg\u00e9s:<\/b> campiona del m\u00f3n sub-20 de salvament i socorrisme, guanyadora de diverses competicions internacionals de salvament i socorrisme i membre de l\u2019equip estatal de la Federaci\u00f3 Espanyola.<\/p>\n<p><b>Alba Bosch:<\/b> reconeguda soprano formada a Londres i que actualment combina concerts amb la doc\u00e8ncia a l\u2019Escola Municipal de M\u00fasica de Torroella de Montgr\u00ed.<\/p>\n<p><b>David Marc\u00e9:<\/b> actor format a l\u2019Aula de Teatre de Banyoles i a l\u2019Institut del Teatre de Barcelona, ha treballat en diferents muntatges teatrals al Teatre Goya, al Teatre Nacional de Catalunya, al Teatre Poliorama. Actualment \u00e9s membre de la Cia Dei Furbi. Tamb\u00e9 ha fet incursions a la televisi\u00f3, entre elles, el Club Super 3.<\/p>\n<p><b>Tino Soriano:<\/b> fot\u00f2graf professional especialitzat en fotoperiodisme i temes de viatge. Treballa per la National Geographic Society i ha obtingut premis per la seva obra fotogr\u00e0fica de la UNESCO, l\u2019OMS i la fundaci\u00f3 World Press Photo entre d\u2019altres.<\/p>\n<p><b>Isaki Lacuesta:<\/b> director de cinema guardonat amb diversos premis com el prem\u00ed Gaud\u00ed (2010) pel millor gui\u00f3, la Conquilla d\u2019Or al Festival Internacional de Cinema de Sant Sebasti\u00e0 (2011) i Premi Nacional de Cinema (2012).<\/p>\n<p><b>Jordi Gimferrer:<\/b> artista banyol\u00ed que ha participat en diferents organitzacions culturals com la Llotja del Tint o el Club XX. Col\u00b7labora en diferents publicacions i edicions bibliogr\u00e0fiques de museus i galeries d\u2019art i \u00e9s autor i coautor de diferents llibres dedicats a pintors de la comarca del Pla de l\u2019Estany. Col\u00b7laborador habitual de Fundaci\u00f3 Estany a trav\u00e9s de les seves exposicions.<\/p>\n<p><a href=\"http:\/\/espaieatart.files.wordpress.com\/2013\/10\/invitacio_calendari-solidari.jpg\"><img loading=\"lazy\" decoding=\"async\" class=\"alignleft size-large wp-image-1739\" alt=\"Invitacio_Calendari Solidari\" src=\"http:\/\/espaieatart.files.wordpress.com\/2013\/10\/invitacio_calendari-solidari.jpg?w=590\" width=\"590\" height=\"415\" \/><\/a><\/p>\n","protected":false},"excerpt":{"rendered":"<p>avui a les 20h es presenta a la Fundaci\u00f3 Llu\u00eds Coromina &#8211; espai eat art el calendari solidari de la &#8230;<\/p>\n","protected":false},"author":1,"featured_media":1739,"comment_status":"open","ping_status":"open","sticky":false,"template":"","format":"standard","meta":{"footnotes":""},"categories":[9],"tags":[],"class_list":["post-1738","post","type-post","status-publish","format-standard","has-post-thumbnail","hentry","category-historic"],"_links":{"self":[{"href":"http:\/\/fundaciolluiscoromina.org\/index.php\/wp-json\/wp\/v2\/posts\/1738","targetHints":{"allow":["GET"]}}],"collection":[{"href":"http:\/\/fundaciolluiscoromina.org\/index.php\/wp-json\/wp\/v2\/posts"}],"about":[{"href":"http:\/\/fundaciolluiscoromina.org\/index.php\/wp-json\/wp\/v2\/types\/post"}],"author":[{"embeddable":true,"href":"http:\/\/fundaciolluiscoromina.org\/index.php\/wp-json\/wp\/v2\/users\/1"}],"replies":[{"embeddable":true,"href":"http:\/\/fundaciolluiscoromina.org\/index.php\/wp-json\/wp\/v2\/comments?post=1738"}],"version-history":[{"count":0,"href":"http:\/\/fundaciolluiscoromina.org\/index.php\/wp-json\/wp\/v2\/posts\/1738\/revisions"}],"wp:attachment":[{"href":"http:\/\/fundaciolluiscoromina.org\/index.php\/wp-json\/wp\/v2\/media?parent=1738"}],"wp:term":[{"taxonomy":"category","embeddable":true,"href":"http:\/\/fundaciolluiscoromina.org\/index.php\/wp-json\/wp\/v2\/categories?post=1738"},{"taxonomy":"post_tag","embeddable":true,"href":"http:\/\/fundaciolluiscoromina.org\/index.php\/wp-json\/wp\/v2\/tags?post=1738"}],"curies":[{"name":"wp","href":"https:\/\/api.w.org\/{rel}","templated":true}]}}